{"id":360215,"date":"2025-09-02T07:23:12","date_gmt":"2025-09-02T07:23:12","guid":{"rendered":"https:\/\/www.europesays.com\/fr\/360215\/"},"modified":"2025-09-02T07:23:12","modified_gmt":"2025-09-02T07:23:12","slug":"le-pilote-dune-moto-decede-de-tres-gros-bouchons-en-cours","status":"publish","type":"post","link":"https:\/\/www.europesays.com\/fr\/360215\/","title":{"rendered":"le pilote d&rsquo;une moto d\u00e9c\u00e9d\u00e9, de tr\u00e8s gros bouchons en cours"},"content":{"rendered":"<p>            Par<br \/>\n        <strong><br \/>\n            <a href=\"https:\/\/actu.fr\/auteur\/brian-legoff\" title=\"Consulter tous les articles de Brian Le Goff\" target=\"_blank\" rel=\"noopener\">Brian Le Goff<\/a><br \/>\n        <\/strong><\/p>\n<p>        Publi\u00e9 le<\/p>\n<p>            2 sept. 2025 \u00e0 8h56        <\/p>\n<p><strong>Drame en cette rentr\u00e9e 2025<\/strong> sur la rocade de Rennes. Un homme, \u00e2g\u00e9 de <strong>57\u00a0ans,<\/strong> est mort, mardi 2\u00a0septembre<strong>, aux alentours de 7h<\/strong>, apr\u00e8s un accident de la circulation sur l\u2019axe p\u00e9riph\u00e9rique rennais, indiquent les pompiers par l\u2019interm\u00e9diaire du Codis (centre op\u00e9rationnel d\u00e9partemental d\u2019incendie et de secours) \u00e0 <a href=\"https:\/\/actu.fr\/rennes\/\" target=\"_blank\" rel=\"noopener\">actu Rennes<\/a>. Il serait le seul impliqu\u00e9 dans cet accident.<\/p>\n<p>Un t\u00e9moin choqu\u00e9<\/p>\n<p class=\" wall-content\">Les faits ont eu lieu entre les portes de Villejean et de Lorient dans le sens ext\u00e9rieur. Un t\u00e9moin de la sc\u00e8ne, choqu\u00e9, a \u00e9t\u00e9 pris en charge par les 15 sapeurs-pompiers mobilis\u00e9s sur l\u2019intervention, toujours en cours.<\/p>\n<p class=\" wall-content\">En ce deuxi\u00e8me jour de rentr\u00e9e, la circulation est donc compliqu\u00e9e par cet accident. En effet, le nombre de voies de circulation a \u00e9t\u00e9 r\u00e9duit sur la rocade afin de laisser les secours intervenir sur cet accident.<\/p>\n<p>Au moins 20\u00a0km de bouchon sur la rocade<\/p>\n<p class=\" wall-content\">On comptabilise<strong> 9\u00a0km<\/strong> de bouchon sur la rocade dans le <strong>sens ext\u00e9rieur,<\/strong> de la porte de Villejean jusqu\u2019\u00e0 Cesson-S\u00e9vign\u00e9.<strong> 4\u00a0km dans l\u2019autre sens.<\/strong><\/p>\n<p class=\" wall-content\">\u00c7a bouchonne tr\u00e8s fortement \u00e0<strong> l\u2019entr\u00e9e sur Rennes par la route de Lorient avec 4,3\u00a0km<\/strong> de bouchon. Du c\u00f4t\u00e9 de la <strong>porte de Br\u00e9quigny<\/strong>, dans le sens ext\u00e9rieur, ce sont <strong>3,5\u00a0km<\/strong> de bouchon qui compliquent le trafic routier.<\/p>\n<p class=\" wall-content\">Globalement, il faut prendre son mal en patience sur la rocade de Rennes ce matin en raison d\u2019une circulation tr\u00e8s dense.<\/p>\n<p class=\" wall-content\">Personnalisez votre actualit\u00e9 en ajoutant vos villes et m\u00e9dias en favori avec <a href=\"https:\/\/moncompte.actu.fr\" title=\"D\u00e9couvez Mon Actu\" rel=\"nofollow noopener\" data-trk=\"{&quot;cta&quot;:{&quot;action&quot;:&quot;https:\\\/\\\/moncompte.actu.fr&quot;,&quot;category&quot;:&quot;mon compte&quot;,&quot;from&quot;:&quot;article footer&quot;,&quot;name&quot;:&quot;Mon actu&quot;,&quot;type&quot;:&quot;cta&quot;}}\" target=\"_blank\">Mon Actu<\/a>.<\/p>\n","protected":false},"excerpt":{"rendered":"Par Brian Le Goff Publi\u00e9 le 2 sept. 2025 \u00e0 8h56 Drame en cette rentr\u00e9e 2025 sur la&hellip;\n","protected":false},"author":2,"featured_media":360216,"comment_status":"","ping_status":"","sticky":false,"template":"","format":"standard","meta":{"footnotes":""},"categories":[2821],"tags":[119,1111,11,829,3542,1777,674,118,1011,27,12,1311,584,25],"class_list":{"0":"post-360215","1":"post","2":"type-post","3":"status-publish","4":"format-standard","5":"has-post-thumbnail","7":"category-rennes","8":"tag-accident","9":"tag-actu","10":"tag-actualites","11":"tag-bretagne","12":"tag-circulation","13":"tag-eu","14":"tag-europe","15":"tag-faits-divers","16":"tag-fr","17":"tag-france","18":"tag-news","19":"tag-pompiers","20":"tag-rennes","21":"tag-republique-francaise"},"share_on_mastodon":{"url":"https:\/\/pubeurope.com\/@fr\/115133507424873598","error":""},"_links":{"self":[{"href":"https:\/\/www.europesays.com\/fr\/wp-json\/wp\/v2\/posts\/360215","targetHints":{"allow":["GET"]}}],"collection":[{"href":"https:\/\/www.europesays.com\/fr\/wp-json\/wp\/v2\/posts"}],"about":[{"href":"https:\/\/www.europesays.com\/fr\/wp-json\/wp\/v2\/types\/post"}],"author":[{"embeddable":true,"href":"https:\/\/www.europesays.com\/fr\/wp-json\/wp\/v2\/users\/2"}],"replies":[{"embeddable":true,"href":"https:\/\/www.europesays.com\/fr\/wp-json\/wp\/v2\/comments?post=360215"}],"version-history":[{"count":0,"href":"https:\/\/www.europesays.com\/fr\/wp-json\/wp\/v2\/posts\/360215\/revisions"}],"wp:featuredmedia":[{"embeddable":true,"href":"https:\/\/www.europesays.com\/fr\/wp-json\/wp\/v2\/media\/360216"}],"wp:attachment":[{"href":"https:\/\/www.europesays.com\/fr\/wp-json\/wp\/v2\/media?parent=360215"}],"wp:term":[{"taxonomy":"category","embeddable":true,"href":"https:\/\/www.europesays.com\/fr\/wp-json\/wp\/v2\/categories?post=360215"},{"taxonomy":"post_tag","embeddable":true,"href":"https:\/\/www.europesays.com\/fr\/wp-json\/wp\/v2\/tags?post=360215"}],"curies":[{"name":"wp","href":"https:\/\/api.w.org\/{rel}","templated":true}]}}