{"id":360234,"date":"2025-09-02T07:33:12","date_gmt":"2025-09-02T07:33:12","guid":{"rendered":"https:\/\/www.europesays.com\/fr\/360234\/"},"modified":"2025-09-02T07:33:12","modified_gmt":"2025-09-02T07:33:12","slug":"rentree-scolaire-2025-a-toulouse-sur-les-fournitures-scolaires-cest-une-polemique-sterile-se-defend-ladjointe-au-maire-de-toulouse-chargee-de-leducation","status":"publish","type":"post","link":"https:\/\/www.europesays.com\/fr\/360234\/","title":{"rendered":"Rentr\u00e9e scolaire 2025 \u00e0 Toulouse\u00a0: \u00ab\u00a0Sur les fournitures scolaires, c\u2019est une pol\u00e9mique st\u00e9rile\u00a0\u00bb, se d\u00e9fend l\u2019adjointe au maire de Toulouse charg\u00e9e de l\u2019\u00e9ducation"},"content":{"rendered":"<p>\n                                                                    l&rsquo;essentiel<br \/>\n                                                                Petite pol\u00e9mique de rentr\u00e9e sur fond de l\u2019enveloppe de 65\u00a0euros allou\u00e9e par la ville de Toulouse \u00e0 tous les \u00e9l\u00e8ves pour les fournitures scolaires. L\u2019adjointe charg\u00e9e de l\u2019\u00e9ducation se d\u00e9fend d\u2019attaques en r\u00e8gle sur les r\u00e9seaux sociaux.\n                            <\/p>\n<p>\u00ab\u00a065,50\u00a0euros par \u00e9l\u00e8ve (+\u00a02\u00a0euros en REP) pour les \u00e9coles, notamment pour l\u2019achat des fournitures scolaires. Cartable\u00a0&amp; kit complet gratuits pour les familles les +\u00a0en difficult\u00e9\u00a0\u00bb. C\u2019est ce que propose l\u2019adjointe au maire de Toulouse charg\u00e9e de l\u2019\u00e9ducation Marion Lalane de Laubad\u00e8re sur son compte X en cette rentr\u00e9e des classes. Une somme justifi\u00e9e, selon elle, afin d\u2019\u0153uvrer pour \u00ab\u00a0l\u2019\u00e9galit\u00e9 des chances\u00a0\u00bb.<\/p>\n<p>\u00ab\u00a0110\u00a0euros pour une classe de CE1\u2026\u00a0\u00bb<\/p>\n<p>L\u2019\u00e9lue toulousaine explique qu\u2019\u00e0 Toulouse \u00ab\u00a0on offre les fournitures scolaires \u00e0 travers deux possibilit\u00e9s\u00a0: la dotation que la mairie attribue par \u00e9l\u00e8ve dans les \u00e9coles chaque ann\u00e9e [\u2026] Ces fournitures sont achet\u00e9es gr\u00e2ce \u00e0 cette dotation, les cahiers, les stylos, les crayons, la peinture,\u00a0etc. Mais aussi pour les enfants les plus pr\u00e9caires, via la caisse des \u00e9coles de Toulouse dont je suis pr\u00e9sidente, qui fournit des kits complets et des cartables.\u00a0\u00bb Mais pour certains, le co\u00fbt des fournitures scolaires par \u00e9l\u00e8ve est bien au-del\u00e0 des 65\u00a0euros. Sur son compte X, Toulouse politique relaie le montant d\u2019une liste de fournitures scolaires dont le montant avoisine les 110\u00a0euros pour la classe de CE1 de l\u2019\u00e9cole Matabiau \u00e0 Toulouse.<\/p>\n<p>\u00ab\u00a0Notre choix, c\u2019est la libert\u00e9 p\u00e9dagogique\u00a0\u00bb<\/p>\n<p>\u00ab\u00a0Notre choix, c\u2019est la libert\u00e9 p\u00e9dagogique des enseignants. Chaque \u00e9cole d\u00e9cide des fournitures qu\u2019elle ach\u00e8te via le march\u00e9 de la mairie ou celles demand\u00e9es aux parents. C\u2019est une pol\u00e9mique st\u00e9rile, l\u2019essentiel des fournitures est fourni par l\u2019\u00e9cole\u00a0\u00bb.<\/p>\n","protected":false},"excerpt":{"rendered":"l&rsquo;essentiel Petite pol\u00e9mique de rentr\u00e9e sur fond de l\u2019enveloppe de 65\u00a0euros allou\u00e9e par la ville de Toulouse \u00e0&hellip;\n","protected":false},"author":2,"featured_media":360235,"comment_status":"","ping_status":"","sticky":false,"template":"","format":"standard","meta":{"footnotes":""},"categories":[2816],"tags":[1111,11,1777,674,1011,27,12,2680,25,2312],"class_list":{"0":"post-360234","1":"post","2":"type-post","3":"status-publish","4":"format-standard","5":"has-post-thumbnail","7":"category-toulouse","8":"tag-actu","9":"tag-actualites","10":"tag-eu","11":"tag-europe","12":"tag-fr","13":"tag-france","14":"tag-news","15":"tag-occitanie","16":"tag-republique-francaise","17":"tag-toulouse"},"share_on_mastodon":{"url":"https:\/\/pubeurope.com\/@fr\/115133546762750434","error":""},"_links":{"self":[{"href":"https:\/\/www.europesays.com\/fr\/wp-json\/wp\/v2\/posts\/360234","targetHints":{"allow":["GET"]}}],"collection":[{"href":"https:\/\/www.europesays.com\/fr\/wp-json\/wp\/v2\/posts"}],"about":[{"href":"https:\/\/www.europesays.com\/fr\/wp-json\/wp\/v2\/types\/post"}],"author":[{"embeddable":true,"href":"https:\/\/www.europesays.com\/fr\/wp-json\/wp\/v2\/users\/2"}],"replies":[{"embeddable":true,"href":"https:\/\/www.europesays.com\/fr\/wp-json\/wp\/v2\/comments?post=360234"}],"version-history":[{"count":0,"href":"https:\/\/www.europesays.com\/fr\/wp-json\/wp\/v2\/posts\/360234\/revisions"}],"wp:featuredmedia":[{"embeddable":true,"href":"https:\/\/www.europesays.com\/fr\/wp-json\/wp\/v2\/media\/360235"}],"wp:attachment":[{"href":"https:\/\/www.europesays.com\/fr\/wp-json\/wp\/v2\/media?parent=360234"}],"wp:term":[{"taxonomy":"category","embeddable":true,"href":"https:\/\/www.europesays.com\/fr\/wp-json\/wp\/v2\/categories?post=360234"},{"taxonomy":"post_tag","embeddable":true,"href":"https:\/\/www.europesays.com\/fr\/wp-json\/wp\/v2\/tags?post=360234"}],"curies":[{"name":"wp","href":"https:\/\/api.w.org\/{rel}","templated":true}]}}