{"id":360245,"date":"2025-09-02T07:39:21","date_gmt":"2025-09-02T07:39:21","guid":{"rendered":"https:\/\/www.europesays.com\/fr\/360245\/"},"modified":"2025-09-02T07:39:21","modified_gmt":"2025-09-02T07:39:21","slug":"toute-lactualite-de-ce-mardi-2-septembre-2025-a-lyon","status":"publish","type":"post","link":"https:\/\/www.europesays.com\/fr\/360245\/","title":{"rendered":"Toute l&rsquo;actualit\u00e9 de ce mardi 2 septembre 2025 \u00e0 Lyon"},"content":{"rendered":"<p>A la une de l\u2019info \u00e0 Lyon : des scanners \u00e0 l\u2019entr\u00e9e des lyc\u00e9es ?, la maire de V\u00e9nissieux r\u00e9clame une brigade sp\u00e9cialis\u00e9e contre le narcotrafic, les habitants de Cogny (Beaujolais) ne veulent pas de cam\u00e9ras, le Grand Rabbin r\u00e9agit \u00e0 la profanation du M\u00e9morial de la Shoah place Carnot, des inscriptions \u00ab\u00a0Stop \u00e0 l\u2019immigration\u00a0\u00bb \u00e0 Francheville et Craponne, l\u2019offre de nuit TCL renforc\u00e9e, des zones de calme pour se ressourcer loin des tumultes de la ville\u2026.<\/p>\n<p>ECOUTEZ LE 1\/4H LYONNAIS\u2026 Toute l\u2019actualit\u00e9 de ce mardi 2 septembre 2025<\/p>\n<p>LE 1\/4H LYONNAIS | mardi 2 septembre 2025<\/p>\n<p>La <strong>R\u00e9gion Auvergne-Rh\u00f4ne-Alpes<\/strong> teste deux <strong>scanners<\/strong> \u00e0 l\u2019entr\u00e9e du <strong>lyc\u00e9e M\u00e9rieux<\/strong> \u00e0 Gerland, \u00e0 l\u2019occasion de la rentr\u00e9e. Un plan pluriannuel pourrait permettre de g\u00e9n\u00e9raliser l\u2019installation de <strong>scanners<\/strong> \u00e0 l\u2019entr\u00e9e de tous les \u00e9tablissements<\/p>\n<p><strong>Mich\u00e8le Picard<\/strong> \u00e9crit au ministre de l\u2019Int\u00e9rieur <strong>Bruno Retailleau<\/strong> afin de demander une <strong>pr\u00e9sence polici\u00e8re permanente boulevard Ambroise-Croizat<\/strong>, et la mise en place d\u2019\ufeffune <strong>brigade sp\u00e9cialis\u00e9e contre le narcotrafic<\/strong>. Sur le mod\u00e8le de la BST qui patrouille au Tonkin depuis novembre dernier<\/p>\n<p>Les <strong>cam\u00e9ras<\/strong> ne sont pas toujours les bienvenues : les habitants de <strong>Cogny dans le Beaujolais<\/strong>, se sont pronoc\u00e9es contre lors d\u2019un r\u00e9f\u00e9rendum<\/p>\n<p>La st\u00e8le du <strong>m\u00e9morial de la Shoah<\/strong> de Lyon a \u00e9t\u00e9 vandalis\u00e9e d\u2019un tag \u00ab <strong>Free Gaza<\/strong> \u00bb samedi. Sur\u00a0i24NEWS , le <strong>grand rabbin de Lyon<\/strong> a d\u00e9nonc\u00e9 une <strong>vague d\u2019antis\u00e9mitisme<\/strong> \u00ab\u00a0que nous n\u2019avons pas connue depuis plus de 80 ans. Tous les verrous ont saut\u00e9\u00a0\u00bb selon <strong>Daniel Dahan<\/strong><\/p>\n<p>Des <strong>panneaux de signalisation tagu\u00e9s<\/strong> \u00e0 <strong>Craponne<\/strong> et <strong>Francheville<\/strong>. Le mot \u00ab <strong>immigration<\/strong> \u00bb a \u00e9t\u00e9 \u00e9crit juste en dessous du stop donnant ainsi la phrase \u00ab stop immigration \u00bb. Les mu nicipalit\u00e9s des deux communes de l\u2019ouest lyonnais ont d\u00e9cid\u00e9 de porter plainte.\u00a0<\/p>\n<p>Ecoutez aussi : <a href=\"https:\/\/www.lyondemain.fr\/bien-vivre-lyon-guide-the-greener-good\/\" target=\"_blank\" rel=\"noreferrer noopener nofollow\">Bien Vivre Lyon &amp; ses environs: le guide des adresses engag\u00e9es<\/a><\/p>\n<p>Egalement dans l\u2019actualit\u00e9 de ce mardi 2 septembre<\/p>\n<p>L\u2019<strong>offre de nuit TCL<\/strong> refondue en cette rentr\u00e9e. Quatre nouvelles lignes de bus <strong>Pleine Lune<\/strong> sont cr\u00e9\u00e9es. Avec un terminus d\u00e9di\u00e9 \u00e0 <strong>Cordelier<\/strong>s\u2026<\/p>\n<p>Des <strong><a href=\"https:\/\/www.grandlyon.com\/actualite\/des-zones-calmes-pour-se-ressourcer\" target=\"_blank\" rel=\"noreferrer noopener nofollow\">zones de calme<\/a><\/strong> dans deux<strong> parcs de la m\u00e9tropole de Lyon<\/strong> le parc de <strong>Parilly<\/strong> et celui de <strong>Lacroix-Laval<\/strong>. Ces lieux en pleine nature doivent permettre aux habitants de se ressourcer loin des tumultes de la ville. Un reportage de <strong>Th\u00e9ophile Eliot<\/strong><\/p>\n<p>Notre invit\u00e9 : <strong>Pierre Athanaze<\/strong>, vice-pr\u00e9sident de la M\u00e9tropole, en charge de l\u2019<strong>Environnement<\/strong><\/p>\n<p>Mercato : l\u2019OL a valid\u00e9 l\u2019arriv\u00e9e de l\u2019Uruguayen Martin Satriano, en provenance de Lens<\/p>\n<p>Ecoutez aussi : <a href=\"https:\/\/www.lyondemain.fr\/actualite-de-ce-lundi-1er-septembre\/\" target=\"_blank\" rel=\"noreferrer noopener nofollow\">Toute l\u2019actualit\u00e9 de ce lundi 1er septembre 2025 \u00e0 Lyon<\/a><\/p>\n<p><img fetchpriority=\"high\" decoding=\"async\" width=\"1200\" height=\"675\" src=\"https:\/\/www.europesays.com\/fr\/wp-content\/uploads\/2025\/09\/actualite-de-ce-mardi-2-septembre-2025.jpg\" alt=\"actualit\u00e9 de ce mardi 2 septembre 2025 info \u00e0 Lyon\" class=\"wp-image-251348\"  \/>Retrouvez aussi le Quart d\u2019Heure Lyonnais de Lyon Demain sur les antennes de Radio Pluriel (Lyon). Radio Salam (Lyon, Saint-Etienne et Bourg) et Radio Arm\u00e9nie (Lyon et Vienne)<\/p>\n<p>J\u2019aime \u00e7a\u00a0:<\/p>\n<p>J\u2019aime chargement\u2026<\/p>\n<p><a class=\"sd-link-color\"\/><\/p>\n<p>\n\tArticles similaires\n<\/p>\n<p>\t\t\t\t<img decoding=\"async\" src=\"https:\/\/www.europesays.com\/fr\/wp-content\/uploads\/2025\/09\/1756798761_97_7866158698e17e8ed633c05e8f8e7fe5d9e057ad78661c4dc34e413abb6b9f19\" alt=\"G\u00e9rald Bouchon\"\/><\/p>\n<p>Pionnier des radios libres, passionn\u00e9 de radio, journaliste et dirigeant de m\u00e9dias \u00e9co-responsables..<\/p>\n","protected":false},"excerpt":{"rendered":"A la une de l\u2019info \u00e0 Lyon : des scanners \u00e0 l\u2019entr\u00e9e des lyc\u00e9es ?, la maire de&hellip;\n","protected":false},"author":2,"featured_media":360246,"comment_status":"","ping_status":"","sticky":false,"template":"","format":"standard","meta":{"footnotes":""},"categories":[1889],"tags":[1111,11,6155,2430,8079,49577,10817,49578,24073,49579,1777,674,1011,27,25241,49580,1061,49581,7101,21194,2428,17056,10510,49582,12,978,49583,38413,48219,1072,10162,13386,25,3229,11070,656,46479,10213,887,4375,49584],"class_list":{"0":"post-360245","1":"post","2":"type-post","3":"status-publish","4":"format-standard","5":"has-post-thumbnail","7":"category-lyon","8":"tag-actu","9":"tag-actualites","10":"tag-antisemitisme","11":"tag-auvergne-rhone-alpes","12":"tag-beaujolais","13":"tag-brigade-specialisee-de-terrain","14":"tag-cameras","15":"tag-cogny","16":"tag-craponne","17":"tag-daniel-dahan","18":"tag-eu","19":"tag-europe","20":"tag-fr","21":"tag-france","22":"tag-francheville","23":"tag-grand-rabbin","24":"tag-immigration","25":"tag-lacroix-laval","26":"tag-lignes-de-bus","27":"tag-lycees","28":"tag-lyon","29":"tag-memorial-de-la-shoah","30":"tag-metropole-de-lyon","31":"tag-michele-picard","32":"tag-news","33":"tag-olympique-lyonnais","34":"tag-parc-de-parilly","35":"tag-pierre-athanaze","36":"tag-pleine-lune","37":"tag-police","38":"tag-racisme","39":"tag-region-auvergne-rhone-alpes","40":"tag-republique-francaise","41":"tag-retailleau","42":"tag-scanner","43":"tag-securite","44":"tag-tags-antisemites","45":"tag-tcl","46":"tag-trafic-de-drogue","47":"tag-venissieux","48":"tag-zones-de-calme"},"share_on_mastodon":{"url":"","error":"Validation failed: Text character limit of 500 exceeded"},"_links":{"self":[{"href":"https:\/\/www.europesays.com\/fr\/wp-json\/wp\/v2\/posts\/360245","targetHints":{"allow":["GET"]}}],"collection":[{"href":"https:\/\/www.europesays.com\/fr\/wp-json\/wp\/v2\/posts"}],"about":[{"href":"https:\/\/www.europesays.com\/fr\/wp-json\/wp\/v2\/types\/post"}],"author":[{"embeddable":true,"href":"https:\/\/www.europesays.com\/fr\/wp-json\/wp\/v2\/users\/2"}],"replies":[{"embeddable":true,"href":"https:\/\/www.europesays.com\/fr\/wp-json\/wp\/v2\/comments?post=360245"}],"version-history":[{"count":0,"href":"https:\/\/www.europesays.com\/fr\/wp-json\/wp\/v2\/posts\/360245\/revisions"}],"wp:featuredmedia":[{"embeddable":true,"href":"https:\/\/www.europesays.com\/fr\/wp-json\/wp\/v2\/media\/360246"}],"wp:attachment":[{"href":"https:\/\/www.europesays.com\/fr\/wp-json\/wp\/v2\/media?parent=360245"}],"wp:term":[{"taxonomy":"category","embeddable":true,"href":"https:\/\/www.europesays.com\/fr\/wp-json\/wp\/v2\/categories?post=360245"},{"taxonomy":"post_tag","embeddable":true,"href":"https:\/\/www.europesays.com\/fr\/wp-json\/wp\/v2\/tags?post=360245"}],"curies":[{"name":"wp","href":"https:\/\/api.w.org\/{rel}","templated":true}]}}