{"id":360251,"date":"2025-09-02T07:42:12","date_gmt":"2025-09-02T07:42:12","guid":{"rendered":"https:\/\/www.europesays.com\/fr\/360251\/"},"modified":"2025-09-02T07:42:12","modified_gmt":"2025-09-02T07:42:12","slug":"credit-agricole-sa-danone-rexel-les-valeurs-a-suivre-aujourdhui-a-paris-02-09-2025-a-0923","status":"publish","type":"post","link":"https:\/\/www.europesays.com\/fr\/360251\/","title":{"rendered":"Cr\u00e9dit Agricole SA, Danone, Rexel&#8230;les valeurs \u00e0 suivre aujourd&rsquo;hui \u00e0 Paris &#8211; &#8211; 02\/09\/2025 \u00e0 09:23"},"content":{"rendered":"<p>\n (AOF) &#8211;<br \/>\n <strong><br \/>\n  Cegedim<br \/>\n <\/strong>\n<\/p>\n<p>\n Cegedim annonce que le transfert de la cotation de ses titres du march\u00e9 r\u00e9glement\u00e9 Euronext Paris (compartiment B) vers Euronext Growth Paris sera effectif le 4 septembre 2025. La demande d&rsquo;admission des actions a \u00e9t\u00e9 approuv\u00e9e par le Comit\u00e9 des admissions d&rsquo;Euronext le 29 ao\u00fbt 2025. Ce transfert permettra \u00e0 la soci\u00e9t\u00e9 de redonner de la visibilit\u00e9 et de l&rsquo;attractivit\u00e9 au titre et de b\u00e9n\u00e9ficier de certains all\u00e8gements r\u00e8glementaires.\n<\/p>\n<p>\n Compagnie Chargeurs Invest\n<\/p>\n<p>\n Compagnie Chargeurs Invest indique dans un communiqu\u00e9 \u00e9tudier une potentielle cession de Novacel suite \u00e0 plusieurs manifestations d&rsquo;int\u00e9r\u00eat indicatives. Le groupe a \u00ab\u00a0a re\u00e7u plusieurs manifestations d&rsquo;int\u00e9r\u00eat, s\u00e9rieuses, pour sa plateforme Mat\u00e9riaux Innovants, int\u00e9gralement constitu\u00e9e du m\u00e9tier Novacel. Le Groupe \u00e9tudie ces offres afin de d\u00e9terminer l&rsquo;option la plus pertinente pour la prochaine phase de d\u00e9veloppement de ce m\u00e9tier\u00a0\u00bb.\n<\/p>\n<p>\n <strong><br \/>\n  <a href=\"https:\/\/www.boursorama.com\/cours\/1rPACA\/\" rel=\"nofollow noopener\" target=\"_blank\"><br \/>\n   Cr\u00e9dit Agricole<br \/>\n  <\/a><br \/>\n  S.A.<br \/>\n <\/strong>\n<\/p>\n<p>\n Cr\u00e9dit Agricole S.A. a annonc\u00e9 le lancement d&rsquo;offres de rachat en num\u00e9raire portant sur l&rsquo;int\u00e9gralit\u00e9 de deux s\u00e9ries de ses obligations perp\u00e9tuelles en circulation : ses titres super subordonn\u00e9s perp\u00e9tuels Additionnal Tier 1 libell\u00e9s en dollars \u00e0 taux fixe r\u00e9visable de 8,125 % et ses titres super subordonn\u00e9s perp\u00e9tuels Additionnal Tier 1 libell\u00e9s en livres sterling \u00e0 taux fixe r\u00e9visable de 7,500%.\n<\/p>\n<p>\n <strong><br \/>\n  <a href=\"https:\/\/www.boursorama.com\/cours\/1rPBN\/\" rel=\"nofollow noopener\" target=\"_blank\"><br \/>\n   Danone<br \/>\n  <\/a><br \/>\n <\/strong>\n<\/p>\n<p>\n Danone annonce avoir proc\u00e9d\u00e9 \u00e0 une \u00e9mission obligataire en deux tranches d&rsquo;un montant total de 1,3 milliard d&rsquo;euros, compos\u00e9e d&rsquo;une tranche de titres \u00e0 taux variable d&rsquo;une dur\u00e9e de 2 ans d&rsquo;un montant de 800 millions d&rsquo;euros (coupon de l&rsquo;Euribor 3 mois + 27 points de base). Elle comprend \u00e9galement une tranche de titres super subordonn\u00e9s \u00e0 dur\u00e9e ind\u00e9termin\u00e9e \u00e0 taux fixe r\u00e9ajustable d&rsquo;un montant de 500 millions d&rsquo;euros (coupon fixe r\u00e9ajustable de 3,95 % avec une premi\u00e8re option de remboursement fix\u00e9e au 8 septembre 2032).\n<\/p>\n<p>\n Delta Plus Group\n<\/p>\n<p>\n Delta Plus Group a d\u00e9voil\u00e9 ses r\u00e9sultats du premier semestre d&rsquo;o\u00f9 ressort un r\u00e9sultat net consolid\u00e9 part du groupe de 10,7 millions d&rsquo;euros, en retrait de 12,1%. Le r\u00e9sultat op\u00e9rationnel courant, de 20,1 millions d&rsquo;euros, s&rsquo;affiche en recul de 16,9%. Il repr\u00e9sente 10,7% du chiffre d&rsquo;affaires contre 12,5% en 2024. Le chiffre d&rsquo;affaires du sp\u00e9cialiste des \u00e9quipements de protection individuelle pour le monde du travail s&rsquo;affaisse de 3,2% \u00e0 187,8 millions d&rsquo;euros.\n<\/p>\n<p>\n Lagard\u00e8re\n<\/p>\n<p>\n Lagard\u00e8re SA a annonc\u00e9 la nomination de Nathalie Pellet au poste de directrice adjointe des relations investisseurs au sein de la direction de la tr\u00e9sorerie, du financement et des relations Investisseurs du groupe Lagard\u00e8re \u00e0 compter du 1er septembre 2025. \u00c0 ce titre, elle assurera \u00e9galement les activit\u00e9s de communication financi\u00e8re de Louis Hachette Group. Depuis 2017, elle occupait les fonctions de responsable des relations investisseurs de Vivendi SE.\n<\/p>\n<p>\n <a href=\"https:\/\/www.boursorama.com\/cours\/1rPML\/\" rel=\"nofollow noopener\" target=\"_blank\"><br \/>\n  Michelin<br \/>\n <\/a>\n<\/p>\n<p>\n Michelin a conclu ce jour le programme de cession conform\u00e9ment aux conditions annonc\u00e9es le 6 d\u00e9cembre 2024, apr\u00e8s obtention de la totalit\u00e9 des autorisations requises pour cette op\u00e9ration. Ce programme comporte deux usines, Midigama Tyre Division et Casting Product Division, bas\u00e9es au Sri Lanka et d\u00e9di\u00e9es au march\u00e9 des pneus \u00a0\u00bb bias \u00a0\u00bb et des chenilles \u00e0 destination des \u00e9quipements de construction compacts, ainsi que la marque Camso qui sera c\u00e9d\u00e9e \u00e0 l&rsquo;issue d&rsquo;une p\u00e9riode de licence de trois ans.\n<\/p>\n<p>\n <a href=\"https:\/\/www.boursorama.com\/cours\/1rPRXL\/\" rel=\"nofollow noopener\" target=\"_blank\"><br \/>\n  Rexel<br \/>\n <\/a>\n<\/p>\n<p>\n Rexel, sp\u00e9cialiste la distribution professionnelle multicanale de produits et services pour le monde de l&rsquo;\u00e9nergie, annonce son intention de proc\u00e9der \u00e0 l&rsquo;\u00e9mission d&rsquo;obligations senior non assorties de s\u00fbret\u00e9s et remboursables en 2030 pour un montant de 400 millions d&rsquo;euros. Ces obligations, qui peuvent faire l&rsquo;objet d&rsquo;un remboursement au gr\u00e9 de Rexel \u00e0 compter de septembre 2027, viendront au m\u00eame rang que le contrat de cr\u00e9dit senior et les autres obligations senior non assorties de s\u00fbret\u00e9s de Rexel.\n<\/p>\n<p>\n Scor\n<\/p>\n<p>\n Scor annonce le lancement d&rsquo;une offre de rachat en num\u00e9raire portant sur les obligations subordonn\u00e9es d&rsquo;un montant nominal total de 600 millions d&rsquo;euros portant int\u00e9r\u00eat \u00e0 taux fixe r\u00e9initialisable et venant \u00e0 \u00e9ch\u00e9ance le 8 juin 2046 avec une premi\u00e8re date de remboursement anticip\u00e9 le 8 juin 2026. Les obligations existantes sont admises aux n\u00e9gociations sur le march\u00e9 r\u00e9glement\u00e9 de la Bourse de Luxembourg.\n<\/p>\n<p>\n Obiz\n<\/p>\n<p>\n La plateforme digitale de marketing relationnel responsable d\u00e9voilera son chiffre d&rsquo;affaires du premier semestre.\n<\/p>\n<p>\n <strong><br \/>\n  Verimatrix<br \/>\n <\/strong>\n<\/p>\n<p>\n Verimatrix annonce la nomination, avec effet imm\u00e9diat, de Laurent Dechaux au poste de directeur g\u00e9n\u00e9ral du sp\u00e9cialiste de la cybers\u00e9curit\u00e9, en remplacement d&rsquo;Amedeo D&rsquo;Angelo. Ce dernier demeure pr\u00e9sident du conseil d&rsquo;administration de Verimatrix. Laurent Dechaux a occup\u00e9 plusieurs postes de direction au sein de grandes entreprises internationales. Il a notamment \u00e9t\u00e9 CEO d&rsquo;Enablon, leader mondial des solutions de gestion des risques, conformit\u00e9 et de la durabilit\u00e9, o\u00f9 il a accompagn\u00e9 la transformation de l&rsquo;entreprise.\n<\/p>\n<p>\n <strong><br \/>\n  We.Connect<br \/>\n <\/strong>\n<\/p>\n<p>\n We.Connect annonce l&rsquo;acquisition de 100 % du capital d&rsquo;Exertis France SAS et d&rsquo;Exertis Iberia, conform\u00e9ment aux n\u00e9gociations exclusives engag\u00e9es en avril 2025. La contribution financi\u00e8re du sp\u00e9cialiste des accessoires high-tech pour l&rsquo;informatique, les mobiles et le son, et de la distribution de produits informatiques et p\u00e9riph\u00e9riques a \u00e9t\u00e9 d&rsquo;un euro symbolique.<\/p>\n","protected":false},"excerpt":{"rendered":"(AOF) &#8211; Cegedim Cegedim annonce que le transfert de la cotation de ses titres du march\u00e9 r\u00e9glement\u00e9 Euronext&hellip;\n","protected":false},"author":2,"featured_media":17400,"comment_status":"","ping_status":"","sticky":false,"template":"","format":"standard","meta":{"footnotes":""},"categories":[1888],"tags":[400,1111,1928,11,1927,398,408,405,1777,674,1011,27,403,402,399,404,12,1926,626,1925,25,401,406,407],"class_list":{"0":"post-360251","1":"post","2":"type-post","3":"status-publish","4":"format-standard","5":"has-post-thumbnail","7":"category-paris","8":"tag-action-cac-40","9":"tag-actu","10":"tag-actu-paris","11":"tag-actualites","12":"tag-actualites-paris","13":"tag-bourse-de-paris","14":"tag-boursorama","15":"tag-cotations","16":"tag-eu","17":"tag-europe","18":"tag-fr","19":"tag-france","20":"tag-indices-devises","21":"tag-investir","22":"tag-investissement","23":"tag-marche-boursier","24":"tag-news","25":"tag-news-paris","26":"tag-paris","27":"tag-paris-news","28":"tag-republique-francaise","29":"tag-sicav","30":"tag-trackers","31":"tag-warrants"},"share_on_mastodon":{"url":"https:\/\/pubeurope.com\/@fr\/115133582290865286","error":""},"_links":{"self":[{"href":"https:\/\/www.europesays.com\/fr\/wp-json\/wp\/v2\/posts\/360251","targetHints":{"allow":["GET"]}}],"collection":[{"href":"https:\/\/www.europesays.com\/fr\/wp-json\/wp\/v2\/posts"}],"about":[{"href":"https:\/\/www.europesays.com\/fr\/wp-json\/wp\/v2\/types\/post"}],"author":[{"embeddable":true,"href":"https:\/\/www.europesays.com\/fr\/wp-json\/wp\/v2\/users\/2"}],"replies":[{"embeddable":true,"href":"https:\/\/www.europesays.com\/fr\/wp-json\/wp\/v2\/comments?post=360251"}],"version-history":[{"count":0,"href":"https:\/\/www.europesays.com\/fr\/wp-json\/wp\/v2\/posts\/360251\/revisions"}],"wp:featuredmedia":[{"embeddable":true,"href":"https:\/\/www.europesays.com\/fr\/wp-json\/wp\/v2\/media\/17400"}],"wp:attachment":[{"href":"https:\/\/www.europesays.com\/fr\/wp-json\/wp\/v2\/media?parent=360251"}],"wp:term":[{"taxonomy":"category","embeddable":true,"href":"https:\/\/www.europesays.com\/fr\/wp-json\/wp\/v2\/categories?post=360251"},{"taxonomy":"post_tag","embeddable":true,"href":"https:\/\/www.europesays.com\/fr\/wp-json\/wp\/v2\/tags?post=360251"}],"curies":[{"name":"wp","href":"https:\/\/api.w.org\/{rel}","templated":true}]}}