{"id":360260,"date":"2025-09-02T07:47:09","date_gmt":"2025-09-02T07:47:09","guid":{"rendered":"https:\/\/www.europesays.com\/fr\/360260\/"},"modified":"2025-09-02T07:47:09","modified_gmt":"2025-09-02T07:47:09","slug":"2-000-soldats-nord-coreens-tues-durant-le-conflit","status":"publish","type":"post","link":"https:\/\/www.europesays.com\/fr\/360260\/","title":{"rendered":"2.000 soldats nord-cor\u00e9ens tu\u00e9s durant le conflit\u2026"},"content":{"rendered":"<p>2.000 soldats nord-cor\u00e9ens tu\u00e9s au cours du conflit<\/p>\n<p>Environ 2.000 soldats nord-cor\u00e9ens ont \u00e9t\u00e9 tu\u00e9s dans le conflit russo-ukrainien, a affirm\u00e9 mardi un d\u00e9put\u00e9 sud-cor\u00e9en, citant des chiffres des services de renseignement de son pays, \u00e0 l\u2019issue d\u2019une r\u00e9union avec ces derniers.<\/p>\n<p>En avril, ils \u00ab\u00a0estimaient le nombre de morts \u00e0 au moins 600\u00a0\u00bb mais sur la base d\u2019\u00e9valuations actualis\u00e9es, ils \u00ab\u00a0estiment d\u00e9sormais ce chiffre \u00e0 environ 2.000\u00a0\u00bb, a d\u00e9clar\u00e9 \u00e0 la presse le d\u00e9put\u00e9 Lee Seong-kweun apr\u00e8s une r\u00e9union d\u2019information avec le Service de Renseignement National sud-cor\u00e9en (NIS).<\/p>\n<p>Xi et Poutine s\u2019entretiennent<\/p>\n<p>Le pr\u00e9sident chinois et son homologue russe ont ce mardi des entretiens \u00e0 P\u00e9kin. Durant l\u2019un d\u2019eux, Vladimir Poutine a assur\u00e9 \u00e0 Xi Jinping que les relations entre leurs pays se trouvaient actuellement \u00e0 un \u00ab\u00a0niveau sans pr\u00e9c\u00e9dent\u00a0\u00bb.<\/p>\n<p>Xi Jinping a pour sa part salu\u00e9 la relation de \u00ab\u00a0collaboration strat\u00e9gique compl\u00e8te\u00a0\u00bb entre les deux pays, et affirm\u00e9 la volont\u00e9 de coop\u00e9rer \u00e0 la \u00ab\u00a0construction d\u2019un syst\u00e8me de gouvernance globale plus juste et plus raisonnable\u00a0\u00bb, selon des propos diffus\u00e9s au d\u00e9but de leurs entretiens \u00e0 P\u00e9kin.<\/p>\n<p>Kim Jong-un en Chine avec Poutine et Xi<\/p>\n<p>Le dirigeant nord-cor\u00e9en Kim Jong-un est entr\u00e9 en Chine avec son train ce mardi pour assister mercredi matin \u00e0 un d\u00e9fil\u00e9 militaire g\u00e9ant \u00e0 P\u00e9kin, o\u00f9 il devrait se trouver au c\u00f4t\u00e9 des pr\u00e9sidents russe et chinois. Parti lundi apr\u00e8s-midi de Pyongyang, il a travers\u00e9 la fronti\u00e8re dans la nuit pour assister \u00e0 la parade qui c\u00e9l\u00e9brera les 80 ans de la fin de la Seconde Guerre mondiale.<\/p>\n<p>Kim Jong-un fait partie des 26 chefs d\u2019Etat et de gouvernement du monde entier invit\u00e9s \u00e0 l\u2019\u00e9v\u00e8nement monumental pr\u00e9vu autour de Xi Jinping. Vladimir Poutine y assistera \u00e9galement.<\/p>\n<p>La mise en sc\u00e8ne protocolaire est gard\u00e9e secr\u00e8te, malgr\u00e9 les sp\u00e9culations sur le placement des uns et des autres en tribune et sur une \u00e9ventuelle rencontre ult\u00e9rieure Xi-Kim-Poutine, qui serait sans pr\u00e9c\u00e9dent. A elle seule, l\u2019apparition de Kim Jong-un en public au milieu d\u2019un certain nombre de dirigeants \u00e9trangers serait in\u00e9dite.<\/p>\n<p>Bienvenue dans ce nouveau Live<\/p>\n<p>Bonjour \u00e0 toutes et \u00e0 tous. Comme chaque jour, la r\u00e9daction de 20 Minutes est mobilis\u00e9e pour vous donner l\u2019ensemble des informations sur le conflit entre Kiev et Moscou.<\/p>\n<p>En Chine depuis dimanche, Vladimir Poutine continue de se montrer inflexible. Lundi, le ma\u00eetre du Kremlin, malgr\u00e9 sa rencontre avec Donald Trump en Alaska le 15\u00a0ao\u00fbt, n\u2019a donn\u00e9 aucun signe de vouloir c\u00e9der aux pressions du pr\u00e9sident am\u00e9ricain pour une r\u00e9solution du conflit en Ukraine. Il a ainsi rejet\u00e9 la faute de la guerre sur l\u2019UE et les Etats-Unis, critiquant les mouvements pro-europ\u00e9ens du Ma\u00efdan en\u00a02014 et fustigeant \u00ab\u00a0les tentatives constantes de l\u2019Occident pour attirer l\u2019Ukraine dans l\u2019Otan\u00a0\u00bb. D\u00e9j\u00e0 bien englu\u00e9s, les pourparlers pour aller vers la paix ne semblent donc pas sur le point de pouvoir r\u00e9ellement avancer.<\/p>\n","protected":false},"excerpt":{"rendered":"2.000 soldats nord-cor\u00e9ens tu\u00e9s au cours du conflit Environ 2.000 soldats nord-cor\u00e9ens ont \u00e9t\u00e9 tu\u00e9s dans le conflit&hellip;\n","protected":false},"author":2,"featured_media":360261,"comment_status":"","ping_status":"","sticky":false,"template":"","format":"standard","meta":{"footnotes":""},"categories":[1590],"tags":[47,11,309,75,73,1777,674,131,74,12,132,220,135,134,7084],"class_list":{"0":"post-360260","1":"post","2":"type-post","3":"status-publish","4":"format-standard","5":"has-post-thumbnail","7":"category-ukraine","8":"tag-actualite","9":"tag-actualites","10":"tag-chine","11":"tag-donald-trump","12":"tag-etats-unis","13":"tag-eu","14":"tag-europe","15":"tag-guerre-en-ukraine","16":"tag-monde","17":"tag-news","18":"tag-russie","19":"tag-ukraine","20":"tag-vladimir-poutine","21":"tag-volodymyr-zelensky","22":"tag-xi-jinping"},"share_on_mastodon":{"url":"https:\/\/pubeurope.com\/@fr\/115133601784427184","error":""},"_links":{"self":[{"href":"https:\/\/www.europesays.com\/fr\/wp-json\/wp\/v2\/posts\/360260","targetHints":{"allow":["GET"]}}],"collection":[{"href":"https:\/\/www.europesays.com\/fr\/wp-json\/wp\/v2\/posts"}],"about":[{"href":"https:\/\/www.europesays.com\/fr\/wp-json\/wp\/v2\/types\/post"}],"author":[{"embeddable":true,"href":"https:\/\/www.europesays.com\/fr\/wp-json\/wp\/v2\/users\/2"}],"replies":[{"embeddable":true,"href":"https:\/\/www.europesays.com\/fr\/wp-json\/wp\/v2\/comments?post=360260"}],"version-history":[{"count":0,"href":"https:\/\/www.europesays.com\/fr\/wp-json\/wp\/v2\/posts\/360260\/revisions"}],"wp:featuredmedia":[{"embeddable":true,"href":"https:\/\/www.europesays.com\/fr\/wp-json\/wp\/v2\/media\/360261"}],"wp:attachment":[{"href":"https:\/\/www.europesays.com\/fr\/wp-json\/wp\/v2\/media?parent=360260"}],"wp:term":[{"taxonomy":"category","embeddable":true,"href":"https:\/\/www.europesays.com\/fr\/wp-json\/wp\/v2\/categories?post=360260"},{"taxonomy":"post_tag","embeddable":true,"href":"https:\/\/www.europesays.com\/fr\/wp-json\/wp\/v2\/tags?post=360260"}],"curies":[{"name":"wp","href":"https:\/\/api.w.org\/{rel}","templated":true}]}}