{"id":360265,"date":"2025-09-02T07:50:14","date_gmt":"2025-09-02T07:50:14","guid":{"rendered":"https:\/\/www.europesays.com\/fr\/360265\/"},"modified":"2025-09-02T07:50:14","modified_gmt":"2025-09-02T07:50:14","slug":"le-deutschlandticket-pour-les-transports-allemands-en-illimite","status":"publish","type":"post","link":"https:\/\/www.europesays.com\/fr\/360265\/","title":{"rendered":"Le Deutschlandticket pour les transports allemands en illimit\u00e9"},"content":{"rendered":"<p>L&rsquo;abonnement qui permet de prendre le train sur les lignes r\u00e9gionales en illimit\u00e9 est au prix de 58 euros. Son prix pourrait encore \u00e9voluer mais les usagers doivent surtout penser \u00e0 le r\u00e9silier car il est reconduit automatiquement chaque mois. <\/p>\n<p>Ce matin dans notre nouvelle chronique Nos voisins du Rhin, on prend les transports avec le Deutschlandticket, aussi appel\u00e9 forfait r\u00e9gional ou D ticket.\u00a0C&rsquo;est un forfait propos\u00e9 depuis 2 ans et qui permet de <strong>voyager en illimit\u00e9 sur la totalit\u00e9 des lignes r\u00e9gionales<\/strong> et dans les transports en commun allemands.\u00a0Pratique quand on est frontalier ou quand on veut visiter plusieurs villes chez nos voisins allemands.<\/p>\n<p>Cet abonnement co\u00fbte 58 euros par mois et le centre europ\u00e9en de la consommation de Kehl alerte sur une chose\u00a0: il est automatiquement reconduit chaque mois avec un seul mode de paiement, le pr\u00e9l\u00e8vement automatique.\u00a0Les fran\u00e7ais, les alsaciens qui utilisent le Deutschbahnticket doivent donc bien penser \u00e0 r\u00e9silier leur abonnement s&rsquo;ils n&rsquo;en ont pas besoin et de le faire \u00e0 la bonne date. Car le paiement est effectu\u00e9 en d\u00e9but de mois automatiquement depuis votre compte bancaire.<\/p>\n<p>Une augmentation en vue\u00a0?<\/p>\n<p>Le prix de l&rsquo;abonnement est d\u00e9j\u00e0 <strong>pass\u00e9 de 49 euros \u00e0 58 euros<\/strong> en d\u00e9but d&rsquo;ann\u00e9e. Et le nombre d&rsquo;abonn\u00e9s a baiss\u00e9 de 16%. Le\u00a0gouvernement f\u00e9d\u00e9ral et les L\u00e4nder envisagent de faire encore \u00e9voluer son prix car vous imaginez bien que le co\u00fbt est tr\u00e8s important. Au total, 3,6 milliards d&rsquo;euros en 2026 pour les Lander.<\/p>\n<p>\u00c0 lire aussi   <img decoding=\"async\" src=\"https:\/\/www.europesays.com\/fr\/wp-content\/uploads\/2025\/09\/1756799414_451_200x200\" alt=\"Un TER Grand Est - illustration\" style=\"--_image-preview:url('data:image\/jpeg;base64,\/9j\/2wBDACgcHiMeGSgjISMtKygwPGRBPDc3PHtYXUlkkYCZlo+AjIqgtObDoKrarYqMyP\/L2u71\/\/\/\/m8H\/\/\/\/6\/+b9\/\/j\/2wBDASstLTw1PHZBQXb4pYyl+Pj4+Pj4+Pj4+Pj4+Pj4+Pj4+Pj4+Pj4+Pj4+Pj4+Pj4+Pj4+Pj4+Pj4+Pj4+Pj4+Pj\/wAARCAAqACoDASIAAhEBAxEB\/8QAGAAAAwEBAAAAAAAAAAAAAAAAAAECAwT\/xAAYEAEBAQEBAAAAAAAAAAAAAAAAARIRAv\/EABcBAQEBAQAAAAAAAAAAAAAAAAEAAgP\/xAAVEQEBAAAAAAAAAAAAAAAAAAAAEf\/aAAwDAQACEQMRAD8A6CK1N9OlYiujrPQ0k16Os9DQKb6RfSb6TaCq+hpnaXSGuz2x0NAqIwEViatNSRS6dQk\/\/9k=');\" loading=\"lazy\" fetchpriority=\"low\" aria-hidden=\"true\" class=\"svelte-1pnmlwx rounded\" onload=\"this.__e=event\" onerror=\"this.__e=event\"\/><\/p>\n","protected":false},"excerpt":{"rendered":"L&rsquo;abonnement qui permet de prendre le train sur les lignes r\u00e9gionales en illimit\u00e9 est au prix de 58&hellip;\n","protected":false},"author":2,"featured_media":360266,"comment_status":"","ping_status":"","sticky":false,"template":"","format":"standard","meta":{"footnotes":""},"categories":[1587],"tags":[11,672,1804,1805,1803,1777,674,1801,12,1802],"class_list":{"0":"post-360265","1":"post","2":"type-post","3":"status-publish","4":"format-standard","5":"has-post-thumbnail","7":"category-allemagne","8":"tag-actualites","9":"tag-allemagne","10":"tag-bundesrepublik-deutschland","11":"tag-de","12":"tag-deutschland","13":"tag-eu","14":"tag-europe","15":"tag-germany","16":"tag-news","17":"tag-republique-federale-dallemagne"},"share_on_mastodon":{"url":"https:\/\/pubeurope.com\/@fr\/115133614179554098","error":""},"_links":{"self":[{"href":"https:\/\/www.europesays.com\/fr\/wp-json\/wp\/v2\/posts\/360265","targetHints":{"allow":["GET"]}}],"collection":[{"href":"https:\/\/www.europesays.com\/fr\/wp-json\/wp\/v2\/posts"}],"about":[{"href":"https:\/\/www.europesays.com\/fr\/wp-json\/wp\/v2\/types\/post"}],"author":[{"embeddable":true,"href":"https:\/\/www.europesays.com\/fr\/wp-json\/wp\/v2\/users\/2"}],"replies":[{"embeddable":true,"href":"https:\/\/www.europesays.com\/fr\/wp-json\/wp\/v2\/comments?post=360265"}],"version-history":[{"count":0,"href":"https:\/\/www.europesays.com\/fr\/wp-json\/wp\/v2\/posts\/360265\/revisions"}],"wp:featuredmedia":[{"embeddable":true,"href":"https:\/\/www.europesays.com\/fr\/wp-json\/wp\/v2\/media\/360266"}],"wp:attachment":[{"href":"https:\/\/www.europesays.com\/fr\/wp-json\/wp\/v2\/media?parent=360265"}],"wp:term":[{"taxonomy":"category","embeddable":true,"href":"https:\/\/www.europesays.com\/fr\/wp-json\/wp\/v2\/categories?post=360265"},{"taxonomy":"post_tag","embeddable":true,"href":"https:\/\/www.europesays.com\/fr\/wp-json\/wp\/v2\/tags?post=360265"}],"curies":[{"name":"wp","href":"https:\/\/api.w.org\/{rel}","templated":true}]}}