{"id":360297,"date":"2025-09-02T08:07:13","date_gmt":"2025-09-02T08:07:13","guid":{"rendered":"https:\/\/www.europesays.com\/fr\/360297\/"},"modified":"2025-09-02T08:07:13","modified_gmt":"2025-09-02T08:07:13","slug":"une-symphonie-de-destins-entremeles","status":"publish","type":"post","link":"https:\/\/www.europesays.com\/fr\/360297\/","title":{"rendered":"Une symphonie de destins entrem\u00eal\u00e9s"},"content":{"rendered":"<p><strong>Le Book Club de We Culte\/\u00ab\u00a0L\u2019Oreill<\/strong>e<strong> Absolue\u00a0\u00bb<\/strong>. Dans son nouveau roman polyphonique,<strong> L\u2019Oreille absolue<\/strong>, <strong><a href=\"https:\/\/www.agnesdesarthe.com\/bio\" target=\"_blank\" rel=\"noopener\">Agn\u00e8s Desarthe<\/a><\/strong> orchestre avec brio les rencontres fortuites et les liens invisibles qui unissent les \u00eatres, r\u00e9v\u00e9lant comment une simple harmonie municipale peut devenir le th\u00e9\u00e2tre d\u2019une partition humaine d\u2019une rare justesse.<\/p>\n<p><strong>\u00ab\u00a0L\u2019Oreille absolue\u00a0\u00bb<\/strong> <strong>: une m\u00e9ditation sur l\u2019art de percevoir la musique du monde, cette symphonie discr\u00e8te mais essentielle qui unit tous les \u00eatres dans leur qu\u00eate de sens<\/strong>.<\/p>\n<p><img fetchpriority=\"high\" decoding=\"async\" width=\"290\" height=\"424\" src=\"data:image\/svg+xml,%3Csvg%20xmlns=\" http:=\"\" alt=\"\" class=\"wp-image-48229\" style=\"width:327px;height:auto\" data-lazy- data-lazy- data-lazy-src=\"https:\/\/www.europesays.com\/fr\/wp-content\/uploads\/2025\/09\/loreille-absolue-couverture.jpg\"\/><\/p>\n<p>Comment na\u00eet un roman ? Gr\u00e2ce \u00e0 <a href=\"https:\/\/www.agnesdesarthe.com\/bio\" target=\"_blank\" rel=\"noopener\">Agn\u00e8s Desarthe <\/a>cette question trouve une r\u00e9ponse joliment illustr\u00e9e par l\u2019exemple et nous offre la meilleure des introductions \u00e0 une rentr\u00e9e litt\u00e9raire tr\u00e8s all\u00e9chante. Une fois n\u2019est pas coutume, on commencera par la fin et les pages de remerciements qui nous \u00e9clairent sur la gen\u00e8se de ce roman choral (une expression qui n\u2019a jamais mieux port\u00e9 son nom). <\/p>\n<p>L\u2019autrice nous explique que dans \u00ab sa premi\u00e8re version, ce texte a fait l\u2019objet d\u2019une commande pass\u00e9e par la Sc\u00e8ne Nationale de Dunkerque pour la saison 2022\/2023 \u00bb. Ces \u00ab Histoires en s\u00e9rie \u00bb, n\u00e9es lors d\u2019une \u00ab r\u00e9sidence hors les murs \u00bb, forment la mati\u00e8re de base du livre.<\/p>\n<p>Cette gen\u00e8se th\u00e9\u00e2trale explique en grande partie la r\u00e9ussite de ce roman o\u00f9 chaque personnage semble avoir \u00e9t\u00e9 pens\u00e9 comme un r\u00f4le \u00e0 part enti\u00e8re, avec sa voix propre et sa partition dans l\u2019ensemble. L\u2019histoire se d\u00e9ploie autour d\u2019une harmonie municipale qui devient le point de convergence de destins apparemment disparates (on pourra y reconna\u00eetre L\u2019Orchestre d\u2019Harmonie de Gonneville-la-Mallet).<\/p>\n<p>Au c\u0153ur de cette m\u00e9canique narrative d\u00e9licate, un petit gar\u00e7on intenable rencontre un homme au bout du rouleau. Une femme retrouve son amant disparu, tandis qu\u2019un musicien pr\u00e9pare un concours avec un jeune prodige qui ne sait pas lire une note. Deux adolescents filent \u00e0 moto sans casque, et tous ces personnages gravitent autour d\u2019une fillette timide, dot\u00e9e d\u2019une oreille absolue, qui observe les fils invisibles qui les relient.<\/p>\n<p>De retour dans son petit village pour le concert donn\u00e9 par l\u2019harmonie municipale, tous ses souvenirs lui reviennent. Que cherche-t-elle, qu\u2019esp\u00e8re-t-elle, elle la petite fille que personne ne voyait ? Cette enfant devient le t\u00e9moin privil\u00e9gi\u00e9 d\u2019un ballet humain o\u00f9 chaque personnage porte ses blessures et ses espoirs, dans un monde o\u00f9 la musique r\u00e9v\u00e8le les harmonies secr\u00e8tes de l\u2019existence.<\/p>\n<p>Le roman s\u2019ouvre sur une atmosph\u00e8re hivernale saisissante : \u00ab Autour du bourg il y a la nuit. Au centre, la mairie. \u00bb Le d\u00e9cor est plant\u00e9. Agn\u00e8s Desarthe excelle dans l\u2019art de croquer les d\u00e9tails pittoresques : \u00ab Quelques d\u00e9corations de No\u00ebl, loupiotes entrelac\u00e9es dans les branches des micocouliers, oursons translucides \u00e9clair\u00e9s de l\u2019int\u00e9rieur et lutins au bonnet rouge clignotant, ponctuent l\u2019obscurit\u00e9. \u00bb<\/p>\n<p> L\u2019autrice tisse avec minutie les trajectoires de ces \u00eatres en qu\u00eate de sens, r\u00e9v\u00e9lant comment la musique devient un langage universel capable de r\u00e9unir les solitudes. D\u00e8s les premi\u00e8res pages, elle installe une atmosph\u00e8re particuli\u00e8re o\u00f9 le quotidien le plus prosa\u00efque \u2013 une r\u00e9union du conseil municipal \u2013 c\u00f4toie des pr\u00e9occupations existentielles plus profondes.<\/p>\n<p>Dans cet admirable roman polyphonique,<a href=\"https:\/\/www.agnesdesarthe.com\/bio\" target=\"_blank\" rel=\"noopener\"> Agn\u00e8s Desarthe<\/a> s\u2019amuse \u00e0 nouer et d\u00e9nouer les destins par le seul jeu de l\u2019\u00e9criture. D\u00e8s l\u2019ouverture, elle d\u00e9montre sa ma\u00eetrise du regard multiple : tandis que se d\u00e9roule la r\u00e9union du conseil municipal, elle glisse vers Matis qui sort de la boulangerie et transforme un simple tracteur en cr\u00e9ature fantastique. \u00ab De loin on dirait un monstre pourvu d\u2019une \u00e9norme t\u00eate. C\u2019est ce que pense Matis (\u2026) Mais la seconde d\u2019apr\u00e8s, il se dit que \u00e7a ressemble \u00e0 un dinosaure. \u00bb Cette capacit\u00e9 \u00e0 basculer d\u2019un personnage \u00e0 l\u2019autre, d\u2019une perception \u00e0 une autre, r\u00e9v\u00e8le une technique narrative sophistiqu\u00e9e o\u00f9 chaque voix apporte sa propre m\u00e9lodie \u00e0 la partition d\u2019ensemble.<\/p>\n<p>Voil\u00e0 comment se r\u00e9v\u00e8le l\u2019extraordinaire dans l\u2019ordinaire, transformant une simple r\u00e9union de conseil municipal en th\u00e9\u00e2tre des \u00e9motions humaines. Le maire, affectueusement surnomm\u00e9 \u00ab Monsieurlemaire \u00bb, incarne cette humanit\u00e9 touchante. Confront\u00e9 aux questions prosa\u00efques de la gestion communale \u2013 \u00ab Nos morts, on ne sait plus o\u00f9 les mettre. Le cimeti\u00e8re est plein \u00bb \u2013, il r\u00e9v\u00e8le aussi une m\u00e9lancolie plus profonde face \u00e0 un monde qui lui \u00e9chappe : \u00ab\u00a0Comme lui, les habitants du village, r\u00e9unis dans la salle des f\u00eates pour le concert de No\u00ebl, revivent p\u00e8le-m\u00eale peines et joies brass\u00e9es par la musique, car c\u2019est un hiver lumineux et sec o\u00f9 rien ni personne ne semble vouloir mourir, si bien que pour un temps, seuls les souvenirs, comme des guirlandes color\u00e9es dans la nuit, occupent les esprits et font verser des larmes ou monter des sourires.\u00a0\u00bb Cette dimension universelle de ses personnages, tous marqu\u00e9s par leurs fragilit\u00e9s et leurs aspirations, touche directement au c\u0153ur.<\/p>\n<p>Cet art du d\u00e9tail r\u00e9v\u00e9lateur transforme les gestes les plus anodins en r\u00e9v\u00e9lateurs de caract\u00e8re : \u00ab Bianca, comme par un r\u00e9flexe conserv\u00e9 depuis l\u2019\u00e9cole, pose son avant-bras sur la feuille o\u00f9 rien n\u2019est encore \u00e9crit \u00bb,\u00ab Bertrand a gard\u00e9 son manteau. Il a tach\u00e9 sa chemise et n\u2019aime pas avoir l\u2019air n\u00e9glig\u00e9. \u00bb Chaque personnage existe pleinement avec ses tics, ses pudeurs et ses petites l\u00e2chet\u00e9s.<\/p>\n<p>On alterne entre r\u00e9alisme et po\u00e9sie, de la description technique \u2013 \u00ab La temp\u00e9rature baisse d\u2019un degr\u00e9. On passe sous z\u00e9ro \u2013 \u00e0 l\u2019\u00e9vocation lyrique : \u00ab Les insectes enterr\u00e9s per\u00e7oivent le carillon des tiges que le gel fige au-dessus d\u2019eux. \u00bb <\/p>\n<p>Ce roman aurait pu \u00eatre un conte ou une fable philosophique avec une bonne f\u00e9e qui r\u00e9organise le d\u00e9sordre sem\u00e9 par l\u2019injustice sociale en attribuant \u00e0 la petite fille un don : l\u2019oreille absolue. Cette oreille absolue devient bien plus qu\u2019un simple talent musical : elle symbolise la capacit\u00e9 \u00e0 percevoir les harmonies cach\u00e9es de l\u2019existence, \u00e0 d\u00e9celer les connexions invisibles entre les \u00eatres. <\/p>\n<p>Desarthe transforme ainsi ce don en all\u00e9gorie de la cr\u00e9ation artistique et de la compr\u00e9hension humaine, confirmant ainsi sa place parmi les voix les plus justes de la litt\u00e9rature fran\u00e7aise contemporaine. Elle nous r\u00e9v\u00e8le comment les hasards apparents de la vie cachent souvent des harmonies secr\u00e8tes.<\/p>\n<p>Dans cette g\u00e9ographie litt\u00e9raire qu\u2019elle dessine livre apr\u00e8s livre, Desarthe nous offre une \u0153uvre profond\u00e9ment \u00e9mouvante qui c\u00e9l\u00e8bre la beaut\u00e9 des liens humains et la persistance de l\u2019espoir face aux \u00e9preuves de l\u2019existence. Plus qu\u2019un simple roman,<strong> L\u2019oreille absolue<\/strong> constitue une m\u00e9ditation sur l\u2019art de percevoir la musique du monde, cette symphonie discr\u00e8te mais essentielle qui unit tous les \u00eatres dans leur qu\u00eate de sens.<\/p>\n<p>H<strong>enri-Charles Dahlem<\/strong><\/p>\n<p><img loading=\"lazy\" decoding=\"async\" width=\"872\" height=\"1024\" src=\"data:image\/svg+xml,%3Csvg%20xmlns=\" http:=\"\" alt=\"Henri-Charles Dahlem\" class=\"wp-image-47007\" style=\"width:107px;height:auto\" data-lazy-src=\"https:\/\/www.europesays.com\/fr\/wp-content\/uploads\/2025\/08\/Henri-Charles-Dahlem-872x1024.jpg\"\/><\/p>\n<ul class=\"wp-block-list\">\n<li><strong>Retrouvez cet article ainsi que l\u2019ensemble des chroniques litt\u00e9raires de Henri-Charles Dahlem sur le site<\/strong>\u00a0<strong><a href=\"https:\/\/collectiondelivres.wordpress.com\/\" target=\"_blank\" rel=\"noopener\">Collection de livres<\/a><\/strong><\/li>\n<\/ul>\n<p><strong>A propos de l\u2019autrice <\/strong><\/p>\n<p><img loading=\"lazy\" decoding=\"async\" width=\"682\" height=\"1024\" src=\"data:image\/svg+xml,%3Csvg%20xmlns=\" http:=\"\" alt=\"\" class=\"wp-image-48222\" style=\"width:306px;height:auto\" data-lazy- data-lazy- data-lazy-src=\"https:\/\/www.europesays.com\/fr\/wp-content\/uploads\/2025\/09\/desarthe_agnes_portrait-1.jpg\"\/>Agn\u00e8s Desarthe \u00a9 Photo C\u00e9line Nieszawer<\/p>\n<p><strong><a href=\"https:\/\/www.agnesdesarthe.com\/bio\" target=\"_blank\" rel=\"noopener\">Agn\u00e8s Desarthe<\/a>\u00a0<\/strong>est n\u00e9e en 1966, normalienne et agr\u00e9g\u00e9e d\u2019anglais, elle est l\u2019autrice de nombreux livres. Depuis son premier \u2013\u00a0Je ne t\u2019aime pas, Paulus, en 1992 \u2013, elle en a \u00e9crit plus de trente pour les enfants et les adolescents, o\u00f9 elle aborde les grandes questions de la vie avec une gr\u00e2ce faite d\u2019humour et de tendresse.<\/p>\n<p>Romanci\u00e8re, elle a publi\u00e9 notamment\u00a0:\u00a0Un secret sans importance\u00a0(prix du Livre Inter 1996),\u00a0Dans la nuit brune\u00a0(prix Renaudot des lyc\u00e9ens 2010) ou encore\u00a0<a href=\"https:\/\/collectiondelivres.wordpress.com\/2018\/10\/15\/la-chance-de-leur-vie\/\" target=\"_blank\" rel=\"noopener\">La chance de leur vie<\/a>. En 2015,\u00a0Ce c\u0153ur changeant\u00a0a remport\u00e9 le prix litt\u00e9raire du Monde.\u00a0<a href=\"https:\/\/collectiondelivres.wordpress.com\/2021\/10\/04\/leternel-fiance\/\" target=\"_blank\" rel=\"noopener\">L\u2019\u00e9ternel fianc\u00e9<\/a>\u00a0(2021), finaliste du prix Goncourt et du prix Femina, connait un beau succ\u00e8s de librairie, tout comme\u00a0<a href=\"https:\/\/collectiondelivres.wordpress.com\/2023\/09\/29\/le-chateau-des-rentiers\/\" target=\"_blank\" rel=\"noopener\">Le ch\u00e2teau des Rentiers<\/a>\u00a0(2023). Elle a aussi sign\u00e9 des pi\u00e8ces de th\u00e9\u00e2tre et des traductions de l\u2019anglais. Elle a notamment traduit les auteurs Lois Lowry, Anne Fine, Jay McInerney, Virginia Woolf ou Cynthia Ozick.\u00a0Agn\u00e8s Desarthe\u00a0vit en Normandie avec son mari et ses enfants. Source: Agence Trames<\/p>\n","protected":false},"excerpt":{"rendered":"Le Book Club de We Culte\/\u00ab\u00a0L\u2019Oreille Absolue\u00a0\u00bb. Dans son nouveau roman polyphonique, L\u2019Oreille absolue, Agn\u00e8s Desarthe orchestre avec&hellip;\n","protected":false},"author":2,"featured_media":360298,"comment_status":"","ping_status":"","sticky":false,"template":"","format":"standard","meta":{"footnotes":""},"categories":[1357],"tags":[49589,1379,58,59,1011,27,46386,49588,1351,1380,46389,46390,46391],"class_list":{"0":"post-360297","1":"post","2":"type-post","3":"status-publish","4":"format-standard","5":"has-post-thumbnail","7":"category-livres","8":"tag-agnes-desarthe","9":"tag-books","10":"tag-divertissement","11":"tag-entertainment","12":"tag-fr","13":"tag-france","14":"tag-henri-charles-dahlem","15":"tag-loreille-absolue","16":"tag-litterature","17":"tag-livres","18":"tag-victor-hache","19":"tag-we-culte","20":"tag-we-culte-le-mag-culture"},"share_on_mastodon":{"url":"https:\/\/pubeurope.com\/@fr\/115133680533708251","error":""},"_links":{"self":[{"href":"https:\/\/www.europesays.com\/fr\/wp-json\/wp\/v2\/posts\/360297","targetHints":{"allow":["GET"]}}],"collection":[{"href":"https:\/\/www.europesays.com\/fr\/wp-json\/wp\/v2\/posts"}],"about":[{"href":"https:\/\/www.europesays.com\/fr\/wp-json\/wp\/v2\/types\/post"}],"author":[{"embeddable":true,"href":"https:\/\/www.europesays.com\/fr\/wp-json\/wp\/v2\/users\/2"}],"replies":[{"embeddable":true,"href":"https:\/\/www.europesays.com\/fr\/wp-json\/wp\/v2\/comments?post=360297"}],"version-history":[{"count":0,"href":"https:\/\/www.europesays.com\/fr\/wp-json\/wp\/v2\/posts\/360297\/revisions"}],"wp:featuredmedia":[{"embeddable":true,"href":"https:\/\/www.europesays.com\/fr\/wp-json\/wp\/v2\/media\/360298"}],"wp:attachment":[{"href":"https:\/\/www.europesays.com\/fr\/wp-json\/wp\/v2\/media?parent=360297"}],"wp:term":[{"taxonomy":"category","embeddable":true,"href":"https:\/\/www.europesays.com\/fr\/wp-json\/wp\/v2\/categories?post=360297"},{"taxonomy":"post_tag","embeddable":true,"href":"https:\/\/www.europesays.com\/fr\/wp-json\/wp\/v2\/tags?post=360297"}],"curies":[{"name":"wp","href":"https:\/\/api.w.org\/{rel}","templated":true}]}}