{"id":360301,"date":"2025-09-02T08:09:20","date_gmt":"2025-09-02T08:09:20","guid":{"rendered":"https:\/\/www.europesays.com\/fr\/360301\/"},"modified":"2025-09-02T08:09:20","modified_gmt":"2025-09-02T08:09:20","slug":"rohff-recadre-les-haters-apres-la-sortie-de-son-morceau-noirabe","status":"publish","type":"post","link":"https:\/\/www.europesays.com\/fr\/360301\/","title":{"rendered":"Rohff recadre les haters apr\u00e8s la sortie de son morceau \u00ab\u00a0Noirabe\u00a0\u00bb"},"content":{"rendered":"<p itemprop=\"description\"><strong>Housni remet les choses au clair, apr\u00e8s le d\u00e9marrage plut\u00f4t bon de son nouveau titre.<\/strong><\/p>\n<p>C&rsquo;est aussi la rentr\u00e9e pour le rap fran\u00e7ais ! Et \u00e7a a commenc\u00e9 fort, avec <a href=\"https:\/\/generations.fr\/news\/coulisse\/80212\/rohff-enflamme-les-reseaux-avec-son-nouveau-titre-noirabe-booba-l-allume\" target=\"_blank\" rel=\"noopener\"><strong>la sortie d&rsquo;un nouveau titre de Rohff<\/strong><\/a> disponible depuis jeudi dernier.<strong> Un morceau nomm\u00e9 \u00ab\u00a0Noirabe\u00a0\u00bb, au ton un peu pol\u00e9mique, compl\u00e8tement assum\u00e9<\/strong> par le rappeur du 94, apr\u00e8s les d\u00e9bats identitaires houleux qui ont eu lieu cet \u00e9t\u00e9. <strong>Un titre qui semble fonctionner plut\u00f4t bien<\/strong>, mais, forc\u00e9ment, qui ne fait pas l&rsquo;unanimit\u00e9. Alors<strong> l&rsquo;artiste a d\u00e9cid\u00e9 de mettre les choses<\/strong> au clair aupr\u00e8s de ses haters.<\/p>\n<p><strong>\u00ab\u00a0Noirabe\u00a0\u00bb<\/strong> a fait un <strong>d\u00e9marrage assez bon, notamment sur Youtube o\u00f9 il se classe \u00e0 la deuxi\u00e8me place des tendances<\/strong>. Mais qui dit titre un peu pol\u00e9mique, dit aussi qu&rsquo;il fait parfois grincer des dents Notamment <a href=\"https:\/\/generations.fr\/news\/coulisse\/80164\/booba-vs-rohff-la-guerre-reprend-de-maniere-tres-violente-sur-les-reseaux\" target=\"_blank\" rel=\"noopener\">du c\u00f4t\u00e9 de la Piraterie, la fanbase de Booba<\/a>, qui est sur les c\u00f4tes de Rohff de mani\u00e8re assez r\u00e9guli\u00e8re. <strong>Un influenceur nomm\u00e9 \u00ab\u00a0King du Supprime\u00a0\u00bb a \u00e9mis un avis assez dur sur le son, estimant qu&rsquo;il \u00ab\u00a0datait des ann\u00e9es 2000, voire 1990\u00a0\u00bb<\/strong>, en disant que la musique a chang\u00e9.\u00a0<\/p>\n<blockquote class=\"instagram-media\" style=\"background: #FFF; border: 0; border-radius: 3px; box-shadow: 0 0 1px 0 rgba(0,0,0,0.5),0 1px 10px 0 rgba(0,0,0,0.15); margin: 1px; max-width: 540px; min-width: 326px; padding: 0; width: calc(100% - 2px);\" data-instgrm-captioned=\"\" data-instgrm-permalink=\"https:\/\/www.instagram.com\/p\/DN-PEMYCNWo\/?utm_source=ig_embed&amp;utm_campaign=loading\" data-instgrm-version=\"14\"><p>&#13;<br \/>\n&#13;\n<\/p><\/blockquote>\n<p>Housni n&rsquo;allait \u00e9videmment pas laisser passer \u00e7a, et il nous a pondu un pav\u00e9 bien v\u00e9ner comme il en a le secret. Le moins qu&rsquo;on puisse dire, c&rsquo;est qu&rsquo;il y va fort, en <strong>qualifiant l&rsquo;influenceur de \u00ab\u00a0P4 qui a redoubl\u00e9 la maternelle\u00a0\u00bb et en affirmant que son morceau est d\u00e9j\u00e0 num\u00e9ro 2 des tendances Youtube<\/strong>, pas mal pour un son qui \u00ab\u00a0date des ann\u00e9es 2000\u00a0\u00bb. <a href=\"https:\/\/generations.fr\/news\/coulisse\/80147\/rohff-accuse-booba-d-acheter-des-streams-le-duc-repond\" target=\"_blank\" rel=\"noopener\">Rohff<\/a> explique \u00e9galement que les captures de conversation entre lui et l&rsquo;influenceur montr\u00e9es par ce dernier dans sa vid\u00e9o sont compl\u00e8tement fausses selon lui.<\/p>\n<p>Bref, c&rsquo;est la rentr\u00e9e, et le rappeur du 94 est d\u00e9j\u00e0 chaud bouillant, \u00e7a promet pour les prochains mois !<\/p>\n<blockquote class=\"instagram-media\" style=\"background: #FFF; border: 0; border-radius: 3px; box-shadow: 0 0 1px 0 rgba(0,0,0,0.5),0 1px 10px 0 rgba(0,0,0,0.15); margin: 1px; max-width: 540px; min-width: 326px; padding: 0; width: calc(100% - 2px);\" data-instgrm-captioned=\"\" data-instgrm-permalink=\"https:\/\/www.instagram.com\/p\/DN_HQtuiETd\/?utm_source=ig_embed&amp;utm_campaign=loading\" data-instgrm-version=\"14\"><p>&#13;<br \/>\n&#13;\n<\/p><\/blockquote>\n<p>\t\t\t\t\t\t\t\t\t\t\t\t\t\t\t\t\t\t\t<script async src=\"\/\/www.instagram.com\/embed.js\"><\/script><\/p>\n","protected":false},"excerpt":{"rendered":"Housni remet les choses au clair, apr\u00e8s le d\u00e9marrage plut\u00f4t bon de son nouveau titre. C&rsquo;est aussi la&hellip;\n","protected":false},"author":2,"featured_media":360302,"comment_status":"","ping_status":"","sticky":false,"template":"","format":"standard","meta":{"footnotes":""},"categories":[1355],"tags":[3627,3628,3626,3632,3631,3630,3629,3649,3634,3647,3663,3625,3623,3646,2163,3648,3645,58,59,3660,1011,27,3612,3620,3606,3607,3605,3608,3665,3657,3622,3613,3617,3615,3609,3614,3659,3654,3643,3653,3650,3641,3636,3642,3638,3651,3635,1361,873,12,3624,626,3639,2189,3658,1825,3618,3616,3661,3656,3619,3621,3662,3640,3664,3633,3644,3611,3610,3637,1863,2955,3655,3652],"class_list":{"0":"post-360301","1":"post","2":"type-post","3":"status-publish","4":"format-standard","5":"has-post-thumbnail","7":"category-musique","8":"tag-3627","9":"tag-3628","10":"tag-3626","11":"tag-3632","12":"tag-3631","13":"tag-3630","14":"tag-3629","15":"tag-al-peco","16":"tag-alibi","17":"tag-alpeco","18":"tag-b2o","19":"tag-banlieue","20":"tag-black","21":"tag-booba","22":"tag-chroniques","23":"tag-despo","24":"tag-diams","25":"tag-divertissement","26":"tag-entertainment","27":"tag-exclus","28":"tag-fr","29":"tag-france","30":"tag-freestyles","31":"tag-funk","32":"tag-generation","33":"tag-generation88-2","34":"tag-generations","35":"tag-generations88-2","36":"tag-generationslive","37":"tag-genratio","38":"tag-grime","39":"tag-hip","40":"tag-hip-hop","41":"tag-hiphop","42":"tag-hiphopsoul","43":"tag-hop","44":"tag-hotlist","45":"tag-james","46":"tag-k1fry","47":"tag-kerry","48":"tag-larsen","49":"tag-lim","50":"tag-lskadrille","51":"tag-mafia","52":"tag-mctyer","53":"tag-medine","54":"tag-montana","55":"tag-music","56":"tag-musique","57":"tag-news","58":"tag-noir","59":"tag-paris","60":"tag-parishiphop","61":"tag-photos","62":"tag-playlist","63":"tag-radio","64":"tag-ragga","65":"tag-rap","66":"tag-rap-francais","67":"tag-rapfr","68":"tag-reggae","69":"tag-rnb","70":"tag-roh2f","71":"tag-rue","72":"tag-ruskov-molotov","73":"tag-sefyu","74":"tag-sinik","75":"tag-sons","76":"tag-soul","77":"tag-tandem","78":"tag-us","79":"tag-videos","80":"tag-webradio","81":"tag-youssoupha"},"share_on_mastodon":{"url":"","error":"Validation failed: Text character limit of 500 exceeded"},"_links":{"self":[{"href":"https:\/\/www.europesays.com\/fr\/wp-json\/wp\/v2\/posts\/360301","targetHints":{"allow":["GET"]}}],"collection":[{"href":"https:\/\/www.europesays.com\/fr\/wp-json\/wp\/v2\/posts"}],"about":[{"href":"https:\/\/www.europesays.com\/fr\/wp-json\/wp\/v2\/types\/post"}],"author":[{"embeddable":true,"href":"https:\/\/www.europesays.com\/fr\/wp-json\/wp\/v2\/users\/2"}],"replies":[{"embeddable":true,"href":"https:\/\/www.europesays.com\/fr\/wp-json\/wp\/v2\/comments?post=360301"}],"version-history":[{"count":0,"href":"https:\/\/www.europesays.com\/fr\/wp-json\/wp\/v2\/posts\/360301\/revisions"}],"wp:featuredmedia":[{"embeddable":true,"href":"https:\/\/www.europesays.com\/fr\/wp-json\/wp\/v2\/media\/360302"}],"wp:attachment":[{"href":"https:\/\/www.europesays.com\/fr\/wp-json\/wp\/v2\/media?parent=360301"}],"wp:term":[{"taxonomy":"category","embeddable":true,"href":"https:\/\/www.europesays.com\/fr\/wp-json\/wp\/v2\/categories?post=360301"},{"taxonomy":"post_tag","embeddable":true,"href":"https:\/\/www.europesays.com\/fr\/wp-json\/wp\/v2\/tags?post=360301"}],"curies":[{"name":"wp","href":"https:\/\/api.w.org\/{rel}","templated":true}]}}