{"id":360311,"date":"2025-09-02T08:18:10","date_gmt":"2025-09-02T08:18:10","guid":{"rendered":"https:\/\/www.europesays.com\/fr\/360311\/"},"modified":"2025-09-02T08:18:10","modified_gmt":"2025-09-02T08:18:10","slug":"personne-nimagine-que-cet-objet-du-quotidien-peut-tout-devoiler","status":"publish","type":"post","link":"https:\/\/www.europesays.com\/fr\/360311\/","title":{"rendered":"personne n&rsquo;imagine que cet objet du quotidien peut tout d\u00e9voiler"},"content":{"rendered":"<p>\n                La plupart des Fran\u00e7ais sont \u00e9quip\u00e9s de gadgets permettant d&rsquo;am\u00e9liorer leur quotidien, d&rsquo;\u00eatre rassur\u00e9s et prot\u00e9g\u00e9s. Mais parfois, ces objets font tout l&rsquo;effet inverse.            <\/p>\n<p>Serrures intelligentes, assistants vocaux, sonnettes vid\u00e9o ou encore thermostats\u00a0: les objets connect\u00e9s s&rsquo;installent progressivement dans les foyers pour am\u00e9liorer le confort, la s\u00e9curit\u00e9 et surtout la tranquillit\u00e9 d&rsquo;esprit. On les utilise sans se poser de questions, comme une extension naturelle du quotidien. Pourtant, chacun d&rsquo;eux pr\u00e9sente un potentiel danger.\u00a0<\/p>\n<p>Derri\u00e8re leur apparence famili\u00e8re, ces appareils fonctionnent tous gr\u00e2ce \u00e0 une connexion Internet. C&rsquo;est pratique, mais cela signifie aussi que l&rsquo;on n&rsquo;est jamais totalement seul face \u00e0 eux. Une erreur aussi simple qu&rsquo;un mot de passe laiss\u00e9 par d\u00e9faut ou une mise \u00e0 jour ignor\u00e9e suffit \u00e0 transformer un objet rassurant en menace discr\u00e8te. Beaucoup ne s&rsquo;en rendent pas compte, car le danger n&rsquo;est ni visible ni imm\u00e9diat. Et c&rsquo;est justement ce qui le rend plus pr\u00e9occupant.<\/p>\n<p>L&rsquo;exemple le plus parlant concerne un dispositif que l&rsquo;on retrouve d\u00e9sormais dans pr\u00e8s d&rsquo;un logement sur dix\u00a0: les cam\u00e9ras de surveillance domestiques. Con\u00e7ues pour prot\u00e9ger, elles peuvent en r\u00e9alit\u00e9 nous exposer aux yeux de tous. L&rsquo;animateur italien Stefano De Martino en a fait l&rsquo;am\u00e8re exp\u00e9rience r\u00e9cemment, lorsque des images personnelles capt\u00e9es chez lui se sont retrouv\u00e9es sur Internet. Le probl\u00e8me ne vient pas de l&rsquo;appareil lui-m\u00eame, mais d&rsquo;une faille d&rsquo;utilisation\u00a0: un mot de passe trop simple, une configuration oubli\u00e9e ou un syst\u00e8me jamais mis \u00e0 jour a permis \u00e0 un hackeur de d\u00e9voiler sa vie intime sur Internet.<\/p>\n<p>Pour ne pas \u00eatre la cible d&rsquo;un tel piratage, il est recommand\u00e9 de changer syst\u00e9matiquement ses mots de passe, de choisir des codes complexes, d&rsquo;installer les mises \u00e0 jour propos\u00e9es par le fabricant et de privil\u00e9gier des marques reconnues. Car chaque nouvel objet connect\u00e9 install\u00e9 chez soi n&rsquo;apporte pas seulement du confort\u00a0: il ajoute aussi une nouvelle porte d&rsquo;entr\u00e9e. Et si cette porte reste ouverte, ce qui devait vous prot\u00e9ger peut se retourner contre vous et mettre votre intimit\u00e9 en ligne, \u00e0 la vue de tous.<\/p>\n","protected":false},"excerpt":{"rendered":"La plupart des Fran\u00e7ais sont \u00e9quip\u00e9s de gadgets permettant d&rsquo;am\u00e9liorer leur quotidien, d&rsquo;\u00eatre rassur\u00e9s et prot\u00e9g\u00e9s. Mais parfois,&hellip;\n","protected":false},"author":2,"featured_media":360312,"comment_status":"","ping_status":"","sticky":false,"template":"","format":"standard","meta":{"footnotes":""},"categories":[7],"tags":[1011,27,43,40,41,39,42,44],"class_list":{"0":"post-360311","1":"post","2":"type-post","3":"status-publish","4":"format-standard","5":"has-post-thumbnail","7":"category-sciences-et-technologies","8":"tag-fr","9":"tag-france","10":"tag-science","11":"tag-science-and-technology","12":"tag-sciences","13":"tag-sciences-et-technologies","14":"tag-technologies","15":"tag-technology"},"share_on_mastodon":{"url":"https:\/\/pubeurope.com\/@fr\/115133723675215043","error":""},"_links":{"self":[{"href":"https:\/\/www.europesays.com\/fr\/wp-json\/wp\/v2\/posts\/360311","targetHints":{"allow":["GET"]}}],"collection":[{"href":"https:\/\/www.europesays.com\/fr\/wp-json\/wp\/v2\/posts"}],"about":[{"href":"https:\/\/www.europesays.com\/fr\/wp-json\/wp\/v2\/types\/post"}],"author":[{"embeddable":true,"href":"https:\/\/www.europesays.com\/fr\/wp-json\/wp\/v2\/users\/2"}],"replies":[{"embeddable":true,"href":"https:\/\/www.europesays.com\/fr\/wp-json\/wp\/v2\/comments?post=360311"}],"version-history":[{"count":0,"href":"https:\/\/www.europesays.com\/fr\/wp-json\/wp\/v2\/posts\/360311\/revisions"}],"wp:featuredmedia":[{"embeddable":true,"href":"https:\/\/www.europesays.com\/fr\/wp-json\/wp\/v2\/media\/360312"}],"wp:attachment":[{"href":"https:\/\/www.europesays.com\/fr\/wp-json\/wp\/v2\/media?parent=360311"}],"wp:term":[{"taxonomy":"category","embeddable":true,"href":"https:\/\/www.europesays.com\/fr\/wp-json\/wp\/v2\/categories?post=360311"},{"taxonomy":"post_tag","embeddable":true,"href":"https:\/\/www.europesays.com\/fr\/wp-json\/wp\/v2\/tags?post=360311"}],"curies":[{"name":"wp","href":"https:\/\/api.w.org\/{rel}","templated":true}]}}