{"id":360315,"date":"2025-09-02T08:20:11","date_gmt":"2025-09-02T08:20:11","guid":{"rendered":"https:\/\/www.europesays.com\/fr\/360315\/"},"modified":"2025-09-02T08:20:11","modified_gmt":"2025-09-02T08:20:11","slug":"elle-aurait-blaspheme-contre-le-prophete-mahomet-une-femme-brulee-vive-par-une-foule-en-colere","status":"publish","type":"post","link":"https:\/\/www.europesays.com\/fr\/360315\/","title":{"rendered":"Elle aurait blasph\u00e9m\u00e9 contre le proph\u00e8te Mahomet\u00a0: une femme br\u00fbl\u00e9e vive par une foule en col\u00e8re"},"content":{"rendered":"<p>\n                                                                Une femme a \u00e9t\u00e9 br\u00fbl\u00e9e vive ce week-end par une foule musulmane pour avoir pr\u00e9tendument blasph\u00e9m\u00e9 contre le proph\u00e8te Mahomet, la figure la plus sacr\u00e9e de l\u2019islam, dans l\u2019\u00c9tat du Niger, au centre du Nigeria.\n                            <\/p>\n<p>Une femme a \u00e9t\u00e9 br\u00fbl\u00e9e vive ce dernier week-end d\u2019ao\u00fbt\u00a02025 par une foule musulmane pour avoir pr\u00e9tendument blasph\u00e9m\u00e9 contre le proph\u00e8te Mahomet, la figure la plus sacr\u00e9e de l\u2019islam, dans l\u2019\u00c9tat du Niger, au centre du Nigeria, a d\u00e9clar\u00e9 lundi la police.<\/p>\n<p>Br\u00fbl\u00e9e vive<\/p>\n<p>La femme \u00ab\u00a0a \u00e9t\u00e9 br\u00fbl\u00e9e vive\u00a0\u00bb samedi lors d\u2019une \u00ab\u00a0attaque collective\u00a0\u00bb apr\u00e8s avoir tenu des propos jug\u00e9s blasph\u00e9matoires \u00e0 l\u2019encontre du proph\u00e8te dans la communaut\u00e9 de Kasuwan-Garba, dans le district de Mariga, a d\u00e9clar\u00e9 Wasiu Abiodun, porte-parole de la police de l\u2019\u00c9tat du Niger, dans un communiqu\u00e9.<\/p>\n<p>Wasiu Abiodun a identifi\u00e9 la femme comme \u00e9tant une vendeuse de nourriture nomm\u00e9e Amaye, originaire de l\u2019\u00c9tat de Katsina, dans le nord-ouest du Nigeria.<\/p>\n<p>Agresseurs recherch\u00e9s<\/p>\n<p>\u00ab\u00a0La police a condamn\u00e9 tout acte de justice populaire et a exhort\u00e9 la population \u00e0 rester calme\u00a0\u00bb alors que la police continue \u00e0 rechercher les agresseurs, a d\u00e9clar\u00e9 Wasiu Abiodun.<\/p>\n<p>Le blasph\u00e8me est passible de la peine de mort en vertu de la charia islamique, qui s\u2019applique dans 12 \u00c9tats \u00e0 majorit\u00e9 musulmane parall\u00e8lement au droit commun.<\/p>\n<p>Dans de nombreux cas, les accus\u00e9s sont tu\u00e9s par des foules en col\u00e8re sans passer par la proc\u00e9dure judiciaire.<\/p>\n<p>Tensions religieuses<\/p>\n<p>Les tensions religieuses dues \u00e0 la m\u00e9fiance et \u00e0 la suspicion mutuelles sont g\u00e9n\u00e9ralement vives entre musulmans et chr\u00e9tiens au Nigeria, dont la population de 220\u00a0millions d\u2019habitants est r\u00e9partie de mani\u00e8re \u00e0 peu pr\u00e8s \u00e9gale entre les deux confessions.<\/p>\n<p>Au Nigeria, chr\u00e9tiens et musulmans ont tous \u00e9t\u00e9 victimes d\u2019actes de violence collective pour blasph\u00e8me pr\u00e9sum\u00e9.<\/p>\n<p>En juin\u00a02023, Usman Buda, un boucher de la ville de Sokoto, dans le nord du pays, a \u00e9t\u00e9 lapid\u00e9 \u00e0 mort pour blasph\u00e8me pr\u00e9sum\u00e9 contre le Proph\u00e8te, un an apr\u00e8s que Deborah Samuel, une \u00e9tudiante chr\u00e9tienne, ait \u00e9t\u00e9 tu\u00e9e par des camarades musulmans pour une accusation similaire.<\/p>\n<p>Condamnations \u00e0 mort<\/p>\n<p>Ces derni\u00e8res ann\u00e9es, deux religieux musulmans et un chanteur de gospel musulman ont \u00e9t\u00e9 condamn\u00e9s \u00e0 mort pour blasph\u00e8me par les tribunaux de la charia de Kano, la plus grande ville du nord du Nigeria.<\/p>\n<p>Les peines n\u2019ont pas encore \u00e9t\u00e9 ex\u00e9cut\u00e9es, les condamn\u00e9s ayant fait appel de leur condamnation.<\/p>\n","protected":false},"excerpt":{"rendered":"Une femme a \u00e9t\u00e9 br\u00fbl\u00e9e vive ce week-end par une foule musulmane pour avoir pr\u00e9tendument blasph\u00e9m\u00e9 contre le&hellip;\n","protected":false},"author":2,"featured_media":360316,"comment_status":"","ping_status":"","sticky":false,"template":"","format":"standard","meta":{"footnotes":""},"categories":[5],"tags":[11,1011,27,14,12,28],"class_list":{"0":"post-360315","1":"post","2":"type-post","3":"status-publish","4":"format-standard","5":"has-post-thumbnail","7":"category-international","8":"tag-actualites","9":"tag-fr","10":"tag-france","11":"tag-international","12":"tag-news","13":"tag-world"},"share_on_mastodon":{"url":"https:\/\/pubeurope.com\/@fr\/115133731585262343","error":""},"_links":{"self":[{"href":"https:\/\/www.europesays.com\/fr\/wp-json\/wp\/v2\/posts\/360315","targetHints":{"allow":["GET"]}}],"collection":[{"href":"https:\/\/www.europesays.com\/fr\/wp-json\/wp\/v2\/posts"}],"about":[{"href":"https:\/\/www.europesays.com\/fr\/wp-json\/wp\/v2\/types\/post"}],"author":[{"embeddable":true,"href":"https:\/\/www.europesays.com\/fr\/wp-json\/wp\/v2\/users\/2"}],"replies":[{"embeddable":true,"href":"https:\/\/www.europesays.com\/fr\/wp-json\/wp\/v2\/comments?post=360315"}],"version-history":[{"count":0,"href":"https:\/\/www.europesays.com\/fr\/wp-json\/wp\/v2\/posts\/360315\/revisions"}],"wp:featuredmedia":[{"embeddable":true,"href":"https:\/\/www.europesays.com\/fr\/wp-json\/wp\/v2\/media\/360316"}],"wp:attachment":[{"href":"https:\/\/www.europesays.com\/fr\/wp-json\/wp\/v2\/media?parent=360315"}],"wp:term":[{"taxonomy":"category","embeddable":true,"href":"https:\/\/www.europesays.com\/fr\/wp-json\/wp\/v2\/categories?post=360315"},{"taxonomy":"post_tag","embeddable":true,"href":"https:\/\/www.europesays.com\/fr\/wp-json\/wp\/v2\/tags?post=360315"}],"curies":[{"name":"wp","href":"https:\/\/api.w.org\/{rel}","templated":true}]}}