{"id":360330,"date":"2025-09-02T08:29:33","date_gmt":"2025-09-02T08:29:33","guid":{"rendered":"https:\/\/www.europesays.com\/fr\/360330\/"},"modified":"2025-09-02T08:29:33","modified_gmt":"2025-09-02T08:29:33","slug":"cest-aussi-la-rentree-pour-les-etudiants-retraites-avec-luniversite-du-tiers-temps-a-montpellier","status":"publish","type":"post","link":"https:\/\/www.europesays.com\/fr\/360330\/","title":{"rendered":"C\u2019est aussi la rentr\u00e9e pour les \u00e9tudiants retrait\u00e9s avec l\u2019Universit\u00e9 du Tiers Temps \u00e0 Montpellier"},"content":{"rendered":"<p>\n                                                                Top d\u00e9part des inscriptions \u00e0 l\u2019UTT. Nouveau programme \u00e0 d\u00e9couvrir\u00a0: conf\u00e9rences, ateliers et modules vari\u00e9s pour ce lieu d\u2019apprentissage et de lien social reconnu.\n                            <\/p>\n<p>La rentr\u00e9e scolaire de septembre ne concerne pas que les plus jeunes\u2026 Gr\u00e2ce \u00e0 l\u2019UTT, l\u2019Universit\u00e9 du Tiers Temps, les plus \u00e2g\u00e9s \u2013 la plupart retrait\u00e9s \u2013 peuvent aussi reprendre le chemin des cours. Et ils ne s\u2019en privent pas.<\/p>\n<p>Car cette institution, qui c\u00e9l\u00e8bre ses 50 ans d\u2019existence cette ann\u00e9e, accueille plus de 2\u00a0400 \u00e9tudiants par an.\u00a0\u00ab\u00a0Avec plus de 250 intervenants chaque ann\u00e9e. Malheureusement, on refuse beaucoup d\u2019inscriptions faute de places\u00a0\u00bb, se d\u00e9sole Ondine Rougerie, la responsable administrative. \u00ab\u00a0Et on pourrait en accueillir bien davantage et proposer plus de cours, mais on n\u2019arrive pas \u00e0 trouver de locaux plus grands\u00a0\u00bb, rench\u00e9rit le pr\u00e9sident, Dominique Triaire, esp\u00e9rant que cet appel soit entendu.<\/p>\n<p>Un lieu d\u2019apprentissage mais aussi de rencontres<\/p>\n<p>Ce qui n\u2019emp\u00eache pas ce professeur des universit\u00e9s \u00e9m\u00e9rite, sp\u00e9cialiste de litt\u00e9rature du XVIIIe\u00a0si\u00e8cle\u00a0de d\u00e9tailler les mati\u00e8res\u00a0dispens\u00e9es au sein de son \u00e9tablissement. Et la richesse que constitue cette universit\u00e9. \u00ab\u00a0C\u2019est non seulement un lieu d\u2019apprentissage et de culture, mais aussi de rencontres. Le lien social est tr\u00e8s fort. Et il est m\u00eame tr\u00e8s important.\u00a0\u00bb, d\u00e9clare-t-il<\/p>\n<p>\u00ab\u00a0C\u2019est ce qui a de formidable. On vient assister \u00e0 des cours, des conf\u00e9rences et ensuite on va boire un caf\u00e9 ensemble\u00a0\u00bb, compl\u00e8te d\u2019un large sourire Jean-Fran\u00e7ois Colonna, le vice pr\u00e9sident.<\/p>\n<p>Le programme de l\u2019UTT renouvel\u00e9 chaque ann\u00e9e est encore bien \u00e9toff\u00e9 et\u00a0tr\u00e8s \u00e9clectique. Les modules dispens\u00e9s vont de l\u2019arch\u00e9ologie \u00e0 l\u2019astronomie en passant par des ateliers d\u2019\u00e9criture, d\u2019informatique, de photo, ou encore proposant des cours de litt\u00e9rature, de g\u00e9opolitique, d\u2019histoire, de philosophie, de th\u00e9\u00e2tre et de langues. Des enseignements de qualit\u00e9 prodigu\u00e9s par des sp\u00e9cialistes, des professeurs ou des conf\u00e9renciers reconnus.<\/p>\n<p>\u00ab\u00a0L\u2019UTT d\u00e9pend des deux universit\u00e9s de Montpellier. Nous assurons ainsi la mission de diffusion scientifique\u00a0\u00bb, explique Dominique Triaire.<\/p>\n<p>Des prix accessibles<\/p>\n<p>Et ce dernier n\u2019est pas peu fier de pr\u00e9ciser que \u00ab\u00a0les tarifs n\u2019ont pas augment\u00e9 depuis plus de dix ans. Pourtant l\u2019institution ne vit exclusivement qu\u2019avec les adh\u00e9sions.\u00a0\u00bb<\/p>\n<p>\u00ab\u00a0L\u2019inscription est de\u00a085\u00a0euros pour une ann\u00e9e avec la possibilit\u00e9 d\u2019assister \u00e0 180 conf\u00e9rences\u00a0\u00bb, insiste Ondine Rougerie. \u00ab\u00a0Soit deux par jour\u00a0\u00bb, souligne malicieusement Jean-Fran\u00e7ois Colonna. Ensuite il faudra d\u00e9bourser entre 45\u00a0euros et 85\u00a0euros pour chaque module.<\/p>\n<p>Universit\u00e9 du Tiers Temps, H\u00f4tel de Varennes, 2 place P\u00e9trarque. Journ\u00e9e portes ouvertes ce mardi 2\u00a0septembre de 14\u00a0h \u00e0 16\u00a0h.\u00a0Les inscriptions commencent ce jeudi 4\u00a0septembre uniquement sur rendez-vous.\u00a0T\u00e9l. 04\u00a067\u00a060\u00a066\u00a073. Informations sur les modalit\u00e9s d\u2019inscription sur <a href=\"http:\/\/www.utt-montpellier.fr\" target=\"_blank\" rel=\"nofollow noopener\">le site de l\u2019UTT<\/a>.<\/p>\n","protected":false},"excerpt":{"rendered":"Top d\u00e9part des inscriptions \u00e0 l\u2019UTT. Nouveau programme \u00e0 d\u00e9couvrir\u00a0: conf\u00e9rences, ateliers et modules vari\u00e9s pour ce lieu&hellip;\n","protected":false},"author":2,"featured_media":360331,"comment_status":"","ping_status":"","sticky":false,"template":"","format":"standard","meta":{"footnotes":""},"categories":[9599],"tags":[1111,11,1777,674,1011,27,2208,12,2680,25],"class_list":{"0":"post-360330","1":"post","2":"type-post","3":"status-publish","4":"format-standard","5":"has-post-thumbnail","7":"category-montpellier","8":"tag-actu","9":"tag-actualites","10":"tag-eu","11":"tag-europe","12":"tag-fr","13":"tag-france","14":"tag-montpellier","15":"tag-news","16":"tag-occitanie","17":"tag-republique-francaise"},"share_on_mastodon":{"url":"https:\/\/pubeurope.com\/@fr\/115133766929044699","error":""},"_links":{"self":[{"href":"https:\/\/www.europesays.com\/fr\/wp-json\/wp\/v2\/posts\/360330","targetHints":{"allow":["GET"]}}],"collection":[{"href":"https:\/\/www.europesays.com\/fr\/wp-json\/wp\/v2\/posts"}],"about":[{"href":"https:\/\/www.europesays.com\/fr\/wp-json\/wp\/v2\/types\/post"}],"author":[{"embeddable":true,"href":"https:\/\/www.europesays.com\/fr\/wp-json\/wp\/v2\/users\/2"}],"replies":[{"embeddable":true,"href":"https:\/\/www.europesays.com\/fr\/wp-json\/wp\/v2\/comments?post=360330"}],"version-history":[{"count":0,"href":"https:\/\/www.europesays.com\/fr\/wp-json\/wp\/v2\/posts\/360330\/revisions"}],"wp:featuredmedia":[{"embeddable":true,"href":"https:\/\/www.europesays.com\/fr\/wp-json\/wp\/v2\/media\/360331"}],"wp:attachment":[{"href":"https:\/\/www.europesays.com\/fr\/wp-json\/wp\/v2\/media?parent=360330"}],"wp:term":[{"taxonomy":"category","embeddable":true,"href":"https:\/\/www.europesays.com\/fr\/wp-json\/wp\/v2\/categories?post=360330"},{"taxonomy":"post_tag","embeddable":true,"href":"https:\/\/www.europesays.com\/fr\/wp-json\/wp\/v2\/tags?post=360330"}],"curies":[{"name":"wp","href":"https:\/\/api.w.org\/{rel}","templated":true}]}}