{"id":360332,"date":"2025-09-02T08:30:18","date_gmt":"2025-09-02T08:30:18","guid":{"rendered":"https:\/\/www.europesays.com\/fr\/360332\/"},"modified":"2025-09-02T08:30:18","modified_gmt":"2025-09-02T08:30:18","slug":"vol-de-parfums-au-magasin-sephora-du-polygone-a-montpellier-un-pere-de-famille-recidiviste-interpelle","status":"publish","type":"post","link":"https:\/\/www.europesays.com\/fr\/360332\/","title":{"rendered":"Vol de parfums au magasin Sephora du Polygone \u00e0 Montpellier\u00a0: un p\u00e8re de famille r\u00e9cidiviste interpell\u00e9"},"content":{"rendered":"<p>\n                                                                Le mis en cause avait d\u00e9j\u00e0 commis des vols \u00e0 l\u2019\u00e9talage dans cette parfumerie en juin et ao\u00fbt derniers.\n                            <\/p>\n<p>Il avait d\u00e9j\u00e0 commis des vols dans cette parfumerie au mois de juin et le 16\u00a0ao\u00fbt dernier\u00a0: un homme de 37 ans a \u00e9t\u00e9 \u00e0 nouveau interpell\u00e9 au magasin Sephora du centre commercial\u00a0Polygone, samedi 30\u00a0ao\u00fbt vers 14\u00a0h\u00a050.<\/p>\n<p>Deux coffrets d\u2019une valeur de 230\u00a0\u20ac<\/p>\n<p>Les agents de s\u00e9curit\u00e9 l\u2019ont surpris alors qu\u2019il venait de d\u00e9rober deux coffrets d\u2019une valeur de 230\u00a0\u20ac. Les cam\u00e9ras de surveillance l\u2019ont film\u00e9, arrivant dans le magasin avec un sac vide, y glissant les deux articles et se dirigeant\u00a0vers la sortie, o\u00f9 il a d\u00e9clench\u00e9 les portiques de s\u00e9curit\u00e9.<\/p>\n<p>Deux pr\u00e9c\u00e9dents vols dans le m\u00eame magasin<\/p>\n<p>La responsable de l\u2019enseigne a reconnu le mis en cause, auteurs de deux pr\u00e9c\u00e9dents vols \u00e0 l\u2019\u00e9talage, le 21\u00a0juin dernier pour un montant de 930\u00a0\u20ac, et le 16\u00a0ao\u00fbt pour une somme de 1\u00a0140\u00a0\u20ac. Il est\u00a0par ailleurs connu de la police pour\u00a0une dizaine de faits similaires.<\/p>\n<p>Interpell\u00e9 et plac\u00e9 en garde \u00e0 vue, cet homme de nationalit\u00e9 alg\u00e9rienne, mari\u00e9 et p\u00e8re de trois jeunes enfants, est convoqu\u00e9 devant la justice. Il sera jug\u00e9 le 2\u00a0d\u00e9cembre au tribunal correctionnel.<\/p>\n","protected":false},"excerpt":{"rendered":"Le mis en cause avait d\u00e9j\u00e0 commis des vols \u00e0 l\u2019\u00e9talage dans cette parfumerie en juin et ao\u00fbt&hellip;\n","protected":false},"author":2,"featured_media":360333,"comment_status":"","ping_status":"","sticky":false,"template":"","format":"standard","meta":{"footnotes":""},"categories":[9599],"tags":[1111,11,1777,674,1011,27,2208,12,2680,25],"class_list":{"0":"post-360332","1":"post","2":"type-post","3":"status-publish","4":"format-standard","5":"has-post-thumbnail","7":"category-montpellier","8":"tag-actu","9":"tag-actualites","10":"tag-eu","11":"tag-europe","12":"tag-fr","13":"tag-france","14":"tag-montpellier","15":"tag-news","16":"tag-occitanie","17":"tag-republique-francaise"},"share_on_mastodon":{"url":"https:\/\/pubeurope.com\/@fr\/115133771019305383","error":""},"_links":{"self":[{"href":"https:\/\/www.europesays.com\/fr\/wp-json\/wp\/v2\/posts\/360332","targetHints":{"allow":["GET"]}}],"collection":[{"href":"https:\/\/www.europesays.com\/fr\/wp-json\/wp\/v2\/posts"}],"about":[{"href":"https:\/\/www.europesays.com\/fr\/wp-json\/wp\/v2\/types\/post"}],"author":[{"embeddable":true,"href":"https:\/\/www.europesays.com\/fr\/wp-json\/wp\/v2\/users\/2"}],"replies":[{"embeddable":true,"href":"https:\/\/www.europesays.com\/fr\/wp-json\/wp\/v2\/comments?post=360332"}],"version-history":[{"count":0,"href":"https:\/\/www.europesays.com\/fr\/wp-json\/wp\/v2\/posts\/360332\/revisions"}],"wp:featuredmedia":[{"embeddable":true,"href":"https:\/\/www.europesays.com\/fr\/wp-json\/wp\/v2\/media\/360333"}],"wp:attachment":[{"href":"https:\/\/www.europesays.com\/fr\/wp-json\/wp\/v2\/media?parent=360332"}],"wp:term":[{"taxonomy":"category","embeddable":true,"href":"https:\/\/www.europesays.com\/fr\/wp-json\/wp\/v2\/categories?post=360332"},{"taxonomy":"post_tag","embeddable":true,"href":"https:\/\/www.europesays.com\/fr\/wp-json\/wp\/v2\/tags?post=360332"}],"curies":[{"name":"wp","href":"https:\/\/api.w.org\/{rel}","templated":true}]}}