{"id":360345,"date":"2025-09-02T08:40:09","date_gmt":"2025-09-02T08:40:09","guid":{"rendered":"https:\/\/www.europesays.com\/fr\/360345\/"},"modified":"2025-09-02T08:40:09","modified_gmt":"2025-09-02T08:40:09","slug":"une-centaine-doiseaux-retrouves-entasses-dans-un-appartement","status":"publish","type":"post","link":"https:\/\/www.europesays.com\/fr\/360345\/","title":{"rendered":"une centaine d&rsquo;oiseaux retrouv\u00e9s entass\u00e9s dans un appartement"},"content":{"rendered":"<p>            Par<br \/>\n        <strong><br \/>\n            <a href=\"https:\/\/actu.fr\/auteur\/manon-reinhardt\" title=\"Consulter tous les articles de Manon Reinhardt\" target=\"_blank\" rel=\"noopener\">Manon Reinhardt<\/a><br \/>\n        <\/strong><\/p>\n<p>        Publi\u00e9 le<\/p>\n<p>            2 sept. 2025 \u00e0 10h08        <\/p>\n<p>C\u2019est une \u00ab\u2009saisie\u2009\u00bb hors-norme. Mercredi 27\u00a0ao\u00fbt, les forces de l\u2019ordre sont intervenues dans un appartement du centre-ville de <a href=\"https:\/\/actu.fr\/provence-alpes-cote-d-azur\/nice_06088\" target=\"_blank\" rel=\"noopener\">Nice<\/a> (<a href=\"https:\/\/actu.fr\/provence-alpes-cote-d-azur\/alpes-maritimes_06\" target=\"_blank\" rel=\"noopener\">Alpes-Maritimes<\/a>) pour sauver une centaine d\u2019oiseaux qui vivaient dans des <strong>conditions particuli\u00e8rement odieuses<\/strong>.<\/p>\n<p class=\" wall-content\">Plusieurs associations, UPA 06 (Urgence pour la protection animale) et la Voli\u00e8re, ont pu prendre part \u00e0 cette op\u00e9ration et r\u00e9cup\u00e9rer les volatiles.<\/p>\n<p class=\" wall-content\">Une cagnotte en ligne a \u00e9t\u00e9 lanc\u00e9e afin de pouvoir financer les soins, de nombreux oiseaux \u00e9tant malades.<\/p>\n<p>Tourterelles, colombes, perruches\u2026<\/p>\n<p class=\" wall-content\">\u00ab\u2009Ils \u00e9taient condamn\u00e9s \u00e0 une vie d\u2019oubli, dans des conditions insalubres et indignes.\u2009\u00bb Ce sont les mots utilis\u00e9s dans la description <a href=\"https:\/\/www.helloasso.com\/beta\/associations\/associationlavoliere\/formulaires\/6\" target=\"_blank\" rel=\"noopener\">d\u2019une cagnotte en ligne<\/a>, ouverte apr\u00e8s le sauvetage in\u00e9dit de 147 oiseaux dans un appartement de la cit\u00e9 azur\u00e9enne.<\/p>\n<p class=\" wall-content\">Des tourterelles, des colombes, des perruches, des pigeons ou encore des perroquets ont \u00e9t\u00e9 saisis lors d\u2019une op\u00e9ration men\u00e9e par les forces de l\u2019ordre mercredi 27\u00a0ao\u00fbt dans le centre de Nice. Les volatiles vivaient entass\u00e9s <strong>\u00ab\u2009dans la salet\u00e9, la faim, le manque de soins\u2009\u00bb<\/strong>. Les images, partag\u00e9es sur les r\u00e9seaux sociaux de l\u2019association UPA 06, font froid dans le dos.<\/p>\n<p>    <a href=\"https:\/\/www.facebook.com\/plugins\/post.php?href=https%3A%2F%2Fwww.facebook.com%2Furgencepourunanimal%2Fposts%2Fpfbid02mHG9u6Xk65uFUxnEk3RdJLnivo2y1aGNh5D2VKsSEBVZkXsro3prLVmVJdamyTSPl&amp;show_text=true&amp;width=350\" title=\"Ouvrie le lien\" target=\"_blank\" rel=\"noopener\">Cliquez ici pour visualiser le contenu<\/a><\/p>\n<p>Graines, fientes\u2026 Une \u00ab\u2009maison de l\u2019horreur\u2009\u00bb<\/p>\n<p class=\" wall-content\">Dans une vid\u00e9o, on voit les b\u00e9n\u00e9voles marchaient sur des monticules de graines, pouvant parfois monter jusqu\u2019\u00e0 leurs mollets. De nombreuses fientes, de plusieurs centim\u00e8tres d\u2019\u00e9paisseur, se trouvaient dans les cages des volatiles. Une \u00ab\u2009maison de l\u2019horreur\u2009\u00bb, comme l\u2019a surnomm\u00e9 UPA 06.<\/p>\n<p>Votre r\u00e9gion, votre actu !<\/p>\n<p>Recevez chaque jour les infos qui comptent pour vous.<\/p>\n<p>\t<a href=\"https:\/\/actu.fr\/newsletter\" class=\"ac-btn ac-btn--corner ac-btn--medium ac-btn--blue800\" target=\"_blank\" rel=\"noopener\">S&rsquo;incrire<\/a><\/p>\n<p class=\" wall-content\">Certains oiseaux ont \u00e9t\u00e9 retrouv\u00e9s <strong>particuli\u00e8rement amaigris<\/strong> et sont malheureusement tr\u00e8s malades. Les fonds r\u00e9colt\u00e9s serviront \u00e0 prendre en charge les soins v\u00e9t\u00e9rinaires d\u2019urgence, les tests de maladies \u00ab\u2009pour \u00e9viter toute contagion\u2009\u00bb, les diff\u00e9rents m\u00e9dicaments et traitements, la \u00ab\u2009nourriture adapt\u00e9e et de qualit\u00e9\u2009\u00bb, ainsi que l\u2019am\u00e9nagement de nouvelles structures s\u00e9curis\u00e9es.<\/p>\n<p class=\" wall-content\">Trois associations ont d\u00e9pos\u00e9 plainte pour \u00ab\u2009maltraitance\u2009\u00bb. Contact\u00e9, le parquet de Nice n\u2019a pas encore r\u00e9pondu \u00e0 notre sollicitation.<\/p>\n<p class=\" wall-content\">Personnalisez votre actualit\u00e9 en ajoutant vos villes et m\u00e9dias en favori avec <a href=\"https:\/\/moncompte.actu.fr\" title=\"D\u00e9couvez Mon Actu\" rel=\"nofollow noopener\" data-trk=\"{&quot;cta&quot;:{&quot;action&quot;:&quot;https:\\\/\\\/moncompte.actu.fr&quot;,&quot;category&quot;:&quot;mon compte&quot;,&quot;from&quot;:&quot;article footer&quot;,&quot;name&quot;:&quot;Mon actu&quot;,&quot;type&quot;:&quot;cta&quot;}}\" target=\"_blank\">Mon Actu<\/a>.<\/p>\n","protected":false},"excerpt":{"rendered":"Par Manon Reinhardt Publi\u00e9 le 2 sept. 2025 \u00e0 10h08 C\u2019est une \u00ab\u2009saisie\u2009\u00bb hors-norme. Mercredi 27\u00a0ao\u00fbt, les forces&hellip;\n","protected":false},"author":2,"featured_media":360346,"comment_status":"","ping_status":"","sticky":false,"template":"","format":"standard","meta":{"footnotes":""},"categories":[2819],"tags":[1111,11,1867,1777,674,118,1011,27,6795,12,2401,882,25],"class_list":{"0":"post-360345","1":"post","2":"type-post","3":"status-publish","4":"format-standard","5":"has-post-thumbnail","7":"category-nice","8":"tag-actu","9":"tag-actualites","10":"tag-animaux","11":"tag-eu","12":"tag-europe","13":"tag-faits-divers","14":"tag-fr","15":"tag-france","16":"tag-maltraitance-animale","17":"tag-news","18":"tag-nice","19":"tag-provence-alpes-cote-dazur","20":"tag-republique-francaise"},"share_on_mastodon":{"url":"https:\/\/pubeurope.com\/@fr\/115133810292415704","error":""},"_links":{"self":[{"href":"https:\/\/www.europesays.com\/fr\/wp-json\/wp\/v2\/posts\/360345","targetHints":{"allow":["GET"]}}],"collection":[{"href":"https:\/\/www.europesays.com\/fr\/wp-json\/wp\/v2\/posts"}],"about":[{"href":"https:\/\/www.europesays.com\/fr\/wp-json\/wp\/v2\/types\/post"}],"author":[{"embeddable":true,"href":"https:\/\/www.europesays.com\/fr\/wp-json\/wp\/v2\/users\/2"}],"replies":[{"embeddable":true,"href":"https:\/\/www.europesays.com\/fr\/wp-json\/wp\/v2\/comments?post=360345"}],"version-history":[{"count":0,"href":"https:\/\/www.europesays.com\/fr\/wp-json\/wp\/v2\/posts\/360345\/revisions"}],"wp:featuredmedia":[{"embeddable":true,"href":"https:\/\/www.europesays.com\/fr\/wp-json\/wp\/v2\/media\/360346"}],"wp:attachment":[{"href":"https:\/\/www.europesays.com\/fr\/wp-json\/wp\/v2\/media?parent=360345"}],"wp:term":[{"taxonomy":"category","embeddable":true,"href":"https:\/\/www.europesays.com\/fr\/wp-json\/wp\/v2\/categories?post=360345"},{"taxonomy":"post_tag","embeddable":true,"href":"https:\/\/www.europesays.com\/fr\/wp-json\/wp\/v2\/tags?post=360345"}],"curies":[{"name":"wp","href":"https:\/\/api.w.org\/{rel}","templated":true}]}}