{"id":360354,"date":"2025-09-02T08:45:16","date_gmt":"2025-09-02T08:45:16","guid":{"rendered":"https:\/\/www.europesays.com\/fr\/360354\/"},"modified":"2025-09-02T08:45:16","modified_gmt":"2025-09-02T08:45:16","slug":"spectacles-jeune-public-de-la-saison-25-26-a-bordeaux","status":"publish","type":"post","link":"https:\/\/www.europesays.com\/fr\/360354\/","title":{"rendered":"Spectacles jeune public de la saison 25-26 \u00e0 Bordeaux"},"content":{"rendered":"\n<p>Introduction<\/p>\n<p>Cette saison, nous vous invitons \u00e0 d\u00e9couvrir <a href=\"https:\/\/33.kidiklik.fr\/spectacles\" rel=\"nofollow noopener\" target=\"_blank\">une s\u00e9lection de spectacles<\/a> pens\u00e9s pour \u00e9veiller la curiosit\u00e9, stimuler l\u2019imaginaire et partager de vrais moments d\u2019\u00e9motion en famille \u00e0 Bordeaux. Th\u00e9\u00e2tre, danse, humour, cin\u00e9-go\u00fbter\u2026 la programmation se veut riche et vari\u00e9e, afin que chacun puisse trouver son plaisir, du plus petit au plus grand.<\/p>\n<p>D\u00e8s 6 mois, les tout-petits pourront s\u2019\u00e9merveiller devant des formes douces et po\u00e9tiques sp\u00e9cialement con\u00e7ues pour eux, tandis que les enfants plus grands et leurs parents profiteront d\u2019histoires dr\u00f4les, touchantes ou spectaculaires, \u00e0 vivre ensemble.<\/p>\n<p>Entre d\u00e9couvertes artistiques, \u00e9clats de rire et instants de complicit\u00e9, ces rendez-vous sont autant d\u2019occasions de faire grandir l\u2019envie de spectacle vivant\u2026 et de partager des souvenirs pr\u00e9cieux en famille.<\/p>\n","protected":false},"excerpt":{"rendered":"Introduction Cette saison, nous vous invitons \u00e0 d\u00e9couvrir une s\u00e9lection de spectacles pens\u00e9s pour \u00e9veiller la curiosit\u00e9, stimuler&hellip;\n","protected":false},"author":2,"featured_media":360355,"comment_status":"","ping_status":"","sticky":false,"template":"","format":"standard","meta":{"footnotes":""},"categories":[2817],"tags":[1111,11,1997,1777,674,1011,27,12,2219,25],"class_list":{"0":"post-360354","1":"post","2":"type-post","3":"status-publish","4":"format-standard","5":"has-post-thumbnail","7":"category-bordeaux","8":"tag-actu","9":"tag-actualites","10":"tag-bordeaux","11":"tag-eu","12":"tag-europe","13":"tag-fr","14":"tag-france","15":"tag-news","16":"tag-nouvelle-aquitaine","17":"tag-republique-francaise"},"share_on_mastodon":{"url":"https:\/\/pubeurope.com\/@fr\/115133830003270957","error":""},"_links":{"self":[{"href":"https:\/\/www.europesays.com\/fr\/wp-json\/wp\/v2\/posts\/360354","targetHints":{"allow":["GET"]}}],"collection":[{"href":"https:\/\/www.europesays.com\/fr\/wp-json\/wp\/v2\/posts"}],"about":[{"href":"https:\/\/www.europesays.com\/fr\/wp-json\/wp\/v2\/types\/post"}],"author":[{"embeddable":true,"href":"https:\/\/www.europesays.com\/fr\/wp-json\/wp\/v2\/users\/2"}],"replies":[{"embeddable":true,"href":"https:\/\/www.europesays.com\/fr\/wp-json\/wp\/v2\/comments?post=360354"}],"version-history":[{"count":0,"href":"https:\/\/www.europesays.com\/fr\/wp-json\/wp\/v2\/posts\/360354\/revisions"}],"wp:featuredmedia":[{"embeddable":true,"href":"https:\/\/www.europesays.com\/fr\/wp-json\/wp\/v2\/media\/360355"}],"wp:attachment":[{"href":"https:\/\/www.europesays.com\/fr\/wp-json\/wp\/v2\/media?parent=360354"}],"wp:term":[{"taxonomy":"category","embeddable":true,"href":"https:\/\/www.europesays.com\/fr\/wp-json\/wp\/v2\/categories?post=360354"},{"taxonomy":"post_tag","embeddable":true,"href":"https:\/\/www.europesays.com\/fr\/wp-json\/wp\/v2\/tags?post=360354"}],"curies":[{"name":"wp","href":"https:\/\/api.w.org\/{rel}","templated":true}]}}