{"id":360364,"date":"2025-09-02T08:51:11","date_gmt":"2025-09-02T08:51:11","guid":{"rendered":"https:\/\/www.europesays.com\/fr\/360364\/"},"modified":"2025-09-02T08:51:11","modified_gmt":"2025-09-02T08:51:11","slug":"43-kg-de-cigarettes-de-contrebande-saisis-dans-le-3e-arrondissement-de-marseille","status":"publish","type":"post","link":"https:\/\/www.europesays.com\/fr\/360364\/","title":{"rendered":"43 kg de cigarettes de contrebande saisis dans le 3e arrondissement de Marseille"},"content":{"rendered":"<p>C\u2019est un joli coup du <a href=\"https:\/\/www.laprovence.com\/article\/faits-divers-justice\/6978245\/une-nouvelle-unite-face-au-trafic-de-tabac.html\" target=\"_blank\" rel=\"nofollow noopener\">groupe \u00ab\u00a0clopes\u00a0\u00bb<\/a>. Ce service de police de la division nord, exclusivement d\u00e9di\u00e9 \u00e0 la lutte contre le trafic de <a href=\"https:\/\/www.laprovence.com\/article\/faits-divers-justice\/50218435428051\/1140-cartouches-de-cigarettes-de-contrebande-saisies-a-salon-de-provence\" target=\"_blank\" rel=\"nofollow noopener\">cigarettes de contrebande<\/a> et l\u2019\u00e9conomie souterraine qu\u2019il g\u00e9n\u00e8re, a fait une importante saisie de 196 cartouches de cigarettes, soit 43\u00a0kg de tabac lundi apr\u00e8s-midi 1er\u00a0septembre.<\/p>\n<p>C\u2019est dans le 3e arrondissement de Marseille, o\u00f9 l\u2019\u00e9quipe de limiers avait mis en place une surveillance, qu\u2019elle a rep\u00e9r\u00e9 une transaction suspecte entre deux individus qui ne laissait gu\u00e8re de doute sur la nature du commerce\u00a0: pr\u00e9cis\u00e9ment celui que le groupe \u00ab\u00a0clopes\u00a0\u00bb comme ils l\u2019ont baptis\u00e9 entre eux, traque sans rel\u00e2che.<\/p>\n<p>Fructueuse perquisition rue Danton<\/p>\n<p>Apr\u00e8s avoir interpell\u00e9 les deux individus, les policiers se sont int\u00e9ress\u00e9s au domicile du vendeur pr\u00e9sum\u00e9 et la perquisition s\u2019est av\u00e9r\u00e9e fructueuse. Dans cet appartement de la <a href=\"https:\/\/www.laprovence.com\/article\/edition-marseille\/5108893\/un-adolescent-de-15ans-poignarde-dans-le-dos.html\" target=\"_blank\" rel=\"nofollow noopener\">rue Danton<\/a>, les enqu\u00eateurs ont d\u00e9couvert 196 cartouches de cigarettes de contrebande, soit 43\u00a0kg de tabac, ainsi que 3\u00a0800\u00a0euros d\u2019argent liquide, fruit vraisemblable de r\u00e9centes transactions <a href=\"https:\/\/www.laprovence.com\/article\/faits-divers-justice\/13935210547174\/info-la-provence-400-kg-de-tabac-illicite-saisis-a-marseille-en-lespace-de-15-jours\" target=\"_blank\" rel=\"nofollow noopener\">\u00e0 la sauvette<\/a>.<\/p>\n<p>\u00c2g\u00e9 d\u2019une trentaine d\u2019ann\u00e9es, l\u2019individu a \u00e9t\u00e9 plac\u00e9 en garde \u00e0 vue.<\/p>\n","protected":false},"excerpt":{"rendered":"C\u2019est un joli coup du groupe \u00ab\u00a0clopes\u00a0\u00bb. Ce service de police de la division nord, exclusivement d\u00e9di\u00e9 \u00e0&hellip;\n","protected":false},"author":2,"featured_media":360365,"comment_status":"","ping_status":"","sticky":false,"template":"","format":"standard","meta":{"footnotes":""},"categories":[2814],"tags":[17,49595,1111,11,3869,8056,49596,1446,1777,674,274,1011,27,884,12,882,25,17491],"class_list":{"0":"post-360364","1":"post","2":"type-post","3":"status-publish","4":"format-standard","5":"has-post-thumbnail","7":"category-marseille","8":"tag-17","9":"tag-43-kg","10":"tag-actu","11":"tag-actualites","12":"tag-arrondissement","13":"tag-cigarettes","14":"tag-contrebande","15":"tag-dans","16":"tag-eu","17":"tag-europe","18":"tag-faits-divers-justice","19":"tag-fr","20":"tag-france","21":"tag-marseille","22":"tag-news","23":"tag-provence-alpes-cote-dazur","24":"tag-republique-francaise","25":"tag-saisis"},"share_on_mastodon":{"url":"https:\/\/pubeurope.com\/@fr\/115133853466329889","error":""},"_links":{"self":[{"href":"https:\/\/www.europesays.com\/fr\/wp-json\/wp\/v2\/posts\/360364","targetHints":{"allow":["GET"]}}],"collection":[{"href":"https:\/\/www.europesays.com\/fr\/wp-json\/wp\/v2\/posts"}],"about":[{"href":"https:\/\/www.europesays.com\/fr\/wp-json\/wp\/v2\/types\/post"}],"author":[{"embeddable":true,"href":"https:\/\/www.europesays.com\/fr\/wp-json\/wp\/v2\/users\/2"}],"replies":[{"embeddable":true,"href":"https:\/\/www.europesays.com\/fr\/wp-json\/wp\/v2\/comments?post=360364"}],"version-history":[{"count":0,"href":"https:\/\/www.europesays.com\/fr\/wp-json\/wp\/v2\/posts\/360364\/revisions"}],"wp:featuredmedia":[{"embeddable":true,"href":"https:\/\/www.europesays.com\/fr\/wp-json\/wp\/v2\/media\/360365"}],"wp:attachment":[{"href":"https:\/\/www.europesays.com\/fr\/wp-json\/wp\/v2\/media?parent=360364"}],"wp:term":[{"taxonomy":"category","embeddable":true,"href":"https:\/\/www.europesays.com\/fr\/wp-json\/wp\/v2\/categories?post=360364"},{"taxonomy":"post_tag","embeddable":true,"href":"https:\/\/www.europesays.com\/fr\/wp-json\/wp\/v2\/tags?post=360364"}],"curies":[{"name":"wp","href":"https:\/\/api.w.org\/{rel}","templated":true}]}}