{"id":360383,"date":"2025-09-02T09:02:10","date_gmt":"2025-09-02T09:02:10","guid":{"rendered":"https:\/\/www.europesays.com\/fr\/360383\/"},"modified":"2025-09-02T09:02:10","modified_gmt":"2025-09-02T09:02:10","slug":"des-bombardements-russes-font-deux-morts-et-douze-blesses-dans-lest-et-le-sud-du-pays","status":"publish","type":"post","link":"https:\/\/www.europesays.com\/fr\/360383\/","title":{"rendered":"des bombardements russes font deux morts et douze bless\u00e9s dans l\u2019est et le sud du pays"},"content":{"rendered":"<p>   L\u2019ex-pr\u00e9sident ukrainien Viktor Ianoukovitch critique Kiev au cours d\u2019une rare apparition             <\/p>\n<p class=\"post__live-container--answer-text post__space-node\">L\u2019ex-pr\u00e9sident ukrainien prorusse Viktor Ianoukovitch, r\u00e9fugi\u00e9 en Russie depuis 2014, a fustig\u00e9 la volont\u00e9 de son pays de vouloir rejoindre l\u2019OTAN, lors d\u2019une rare apparition publique, \u00e0 un moment o\u00f9 l\u2019Ukraine cherche \u00e0 obtenir des garanties de s\u00e9curit\u00e9 de ses alli\u00e9s occidentaux.<\/p>\n<p class=\"post__live-container--answer-text post__space-node\">Dans cette vid\u00e9o, diffus\u00e9e lundi par l\u2019agence de presse publique russe RIA Novosti, M.\u00a0Ianoukovitch s\u2019exprime face cam\u00e9ra, une premi\u00e8re depuis le d\u00e9but de l\u2019assaut russe contre l\u2019Ukraine, en f\u00e9vrier\u00a02022.<\/p>\n<p class=\"post__live-container--answer-text post__space-node\">Aujourd\u2019hui \u00e2g\u00e9 de 75\u00a0ans, celui qui a dirig\u00e9 le pays de 2010 \u00e0 2014 d\u00e9clare qu\u2019il a \u00ab\u00a0toujours\u00a0\u00bb \u00e9t\u00e9 contre une adh\u00e9sion de celui-ci \u00e0 l\u2019OTAN. \u00ab\u00a0J\u2019ai toujours clairement compris que c\u2019\u00e9tait une catastrophe pour l\u2019Ukraine. C\u2019est un chemin vers nulle part. C\u2019est une route directe vers la guerre civile\u00a0\u00bb, affirme-t-il.<\/p>\n<p class=\"post__live-container--answer-text post__space-node\">Viktor Ianoukovitch avait fui son pays en f\u00e9vrier\u00a02014 apr\u00e8s la mort d\u2019une centaine de personnes dans la tentative de r\u00e9pression du mouvement de contestation de Ma\u00efdan, qui porta \u00e0 la t\u00eate de l\u2019Ukraine le camp pro-occidental. Apr\u00e8s ces \u00e9v\u00e9nements, la Russie avait annex\u00e9 la Crim\u00e9e et soutenu une insurrection arm\u00e9e de s\u00e9paratistes prorusses oppos\u00e9s \u00e0 Kiev dans l\u2019est du territoire ukrainien.<\/p>\n<p class=\"post__live-container--answer-text post__space-node\">Au d\u00e9but de juin\u00a02022, trois mois apr\u00e8s le d\u00e9but de l\u2019offensive russe en Ukraine, M.\u00a0Ianoukovitch avait diffus\u00e9 un communiqu\u00e9 dans lequel il appelait ses compatriotes \u00e0 d\u00e9cider s\u2019ils voulaient se \u00ab\u00a0battre jusqu\u2019au dernier\u00a0\u00bb face \u00e0 la Russie, reprenant alors une formule utilis\u00e9e par le Kremlin.<\/p>\n<p class=\"post__live-container--answer-text post__space-node\">Le pr\u00e9sident ukrainien, Volodymyr Zelensky, l\u2019a d\u00e9chu en f\u00e9vrier\u00a02023 de sa nationalit\u00e9 ukrainienne.<\/p>\n","protected":false},"excerpt":{"rendered":"L\u2019ex-pr\u00e9sident ukrainien Viktor Ianoukovitch critique Kiev au cours d\u2019une rare apparition L\u2019ex-pr\u00e9sident ukrainien prorusse Viktor Ianoukovitch, r\u00e9fugi\u00e9 en&hellip;\n","protected":false},"author":2,"featured_media":360384,"comment_status":"","ping_status":"","sticky":false,"template":"","format":"standard","meta":{"footnotes":""},"categories":[1590],"tags":[11,1777,674,12,220],"class_list":{"0":"post-360383","1":"post","2":"type-post","3":"status-publish","4":"format-standard","5":"has-post-thumbnail","7":"category-ukraine","8":"tag-actualites","9":"tag-eu","10":"tag-europe","11":"tag-news","12":"tag-ukraine"},"share_on_mastodon":{"url":"https:\/\/pubeurope.com\/@fr\/115133896764543739","error":""},"_links":{"self":[{"href":"https:\/\/www.europesays.com\/fr\/wp-json\/wp\/v2\/posts\/360383","targetHints":{"allow":["GET"]}}],"collection":[{"href":"https:\/\/www.europesays.com\/fr\/wp-json\/wp\/v2\/posts"}],"about":[{"href":"https:\/\/www.europesays.com\/fr\/wp-json\/wp\/v2\/types\/post"}],"author":[{"embeddable":true,"href":"https:\/\/www.europesays.com\/fr\/wp-json\/wp\/v2\/users\/2"}],"replies":[{"embeddable":true,"href":"https:\/\/www.europesays.com\/fr\/wp-json\/wp\/v2\/comments?post=360383"}],"version-history":[{"count":0,"href":"https:\/\/www.europesays.com\/fr\/wp-json\/wp\/v2\/posts\/360383\/revisions"}],"wp:featuredmedia":[{"embeddable":true,"href":"https:\/\/www.europesays.com\/fr\/wp-json\/wp\/v2\/media\/360384"}],"wp:attachment":[{"href":"https:\/\/www.europesays.com\/fr\/wp-json\/wp\/v2\/media?parent=360383"}],"wp:term":[{"taxonomy":"category","embeddable":true,"href":"https:\/\/www.europesays.com\/fr\/wp-json\/wp\/v2\/categories?post=360383"},{"taxonomy":"post_tag","embeddable":true,"href":"https:\/\/www.europesays.com\/fr\/wp-json\/wp\/v2\/tags?post=360383"}],"curies":[{"name":"wp","href":"https:\/\/api.w.org\/{rel}","templated":true}]}}