{"id":360388,"date":"2025-09-02T09:05:10","date_gmt":"2025-09-02T09:05:10","guid":{"rendered":"https:\/\/www.europesays.com\/fr\/360388\/"},"modified":"2025-09-02T09:05:10","modified_gmt":"2025-09-02T09:05:10","slug":"63-lallemagne-signe-le-plus-gros-ecart-a-leuro-depuis-1969","status":"publish","type":"post","link":"https:\/\/www.europesays.com\/fr\/360388\/","title":{"rendered":"+63, l\u2019Allemagne signe le plus gros \u00e9cart \u00e0 l\u2019Euro depuis 1969"},"content":{"rendered":"<p>\u00ab Ils ont jou\u00e9 un sacr\u00e9 match. C\u2019est un peu g\u00eanant pour nous aujourd\u2019hui. En regardant vers l&rsquo;avenir, la seule chose que nous pouvons faire est d\u2019essayer d\u2019atteindre ce niveau un jour \u00bb, <a href=\"https:\/\/www.fiba.basketball\/en\/events\/fiba-eurobasket-2025\/news\/germany-stay-perfect-with-dominant-win?ref=basketeurope.com\" rel=\"nofollow noopener\" target=\"_blank\">esp\u00e8re<\/a> Myles Hesson, pass\u00e9 par Dijon, Gravelines, Nanterre et Chalon il y a quelques ann\u00e9es.<\/p>\n<p>Sans grande surprise vis-\u00e0-vis des dynamiques des deux s\u00e9lections, la Grande-Bretagne a pris une gifle monumentale contre l\u2019Allemagne ce lundi 1er septembre \u00e0 Tampere (<a href=\"https:\/\/www.fiba.basketball\/en\/events\/fiba-eurobasket-2025\/games\/123010-GER-GBR?ref=basketeurope.com#boxscore\" rel=\"noreferrer nofollow noopener\" target=\"_blank\">120-57<\/a>).\u00a0<\/p>\n<p>Pas un record mais&#8230;<\/p>\n<p>Une diff\u00e9rence historique (+63) m\u00eame, puisqu\u2019il faut remonter \u00e0 1971 pour trouver trace d\u2019une \u00e9quipe qui affiche le double du score de son adversaire \u00e0 l&rsquo;EuroBasket, avec un succ\u00e8s de l&rsquo;URSS sur l&rsquo;Espagne (118-58). Et \u00e0 1969, et la d\u00e9monstration de la Yougoslavie contre la Su\u00e8de (115-43), pour revoir un plus gros \u00e9cart.\u00a0<\/p>\n<p>Malgr\u00e9 tout, ce n\u2019est pas un record, qui reste inatteignable \u00e0 cette \u00e9poque, loin des 104 points de diff\u00e9rence entre l\u2019URSS et le Danemark en 1953.<\/p>\n<p><strong>Johannes Voigtmann out pour le reste de l\u2019Euro<\/strong><\/p>\n<p>Toujours est-il que l\u2019Allemagne, m\u00eame priv\u00e9e temporairement de son s\u00e9lectionneur <a href=\"https:\/\/www.basketeurope.com\/le-selectionneur-allemand-hospitalise-avant-le-match-douverture-de-leurobasket\/\" rel=\"nofollow noopener\" target=\"_blank\">Alex Mumbru<\/a>, affiche un niveau fantastique depuis le d\u00e9but de la comp\u00e9tition, avec 4 victoires en autant de matches et surtout 33,5 points d\u2019\u00e9cart en moyenne. La moins large ? +19 <a href=\"https:\/\/www.basketeurope.com\/dennis-schroder-victime-dinsultes-racistes-le-supporter-lituanien-exclu-de-leuro\/\" rel=\"nofollow noopener\" target=\"_blank\">contre la Lituanie<\/a> (107-88).<\/p>\n<p>C\u2019est le s\u00e9lectionneur britannique, Marc Steutel, qui en parle le mieux : \u00ab Soyons r\u00e9alistes, ce sont les champions du monde en titre. C\u2019est un d\u00e9fi colossal pour n&rsquo;importe quelle \u00e9quipe de les battre. \u00bb<\/p>\n<p>Mais la Mannschaft va devoir terminer la comp\u00e9tition \u00e0 11 puisque Johannes Voigtmann a d\u00e9clar\u00e9 forfait. L\u2019int\u00e9rieur du Bayern Munich va rentrer en Allemagne pour soigner son genou, ce qui impliquera une \u00ab intervention chirurgicale \u00bb selon la f\u00e9d\u00e9ration allemande.<\/p>\n","protected":false},"excerpt":{"rendered":"\u00ab Ils ont jou\u00e9 un sacr\u00e9 match. C\u2019est un peu g\u00eanant pour nous aujourd\u2019hui. En regardant vers l&rsquo;avenir,&hellip;\n","protected":false},"author":2,"featured_media":360389,"comment_status":"","ping_status":"","sticky":false,"template":"","format":"standard","meta":{"footnotes":""},"categories":[1587],"tags":[11,672,1804,1805,1803,1777,674,1801,12,1802],"class_list":{"0":"post-360388","1":"post","2":"type-post","3":"status-publish","4":"format-standard","5":"has-post-thumbnail","7":"category-allemagne","8":"tag-actualites","9":"tag-allemagne","10":"tag-bundesrepublik-deutschland","11":"tag-de","12":"tag-deutschland","13":"tag-eu","14":"tag-europe","15":"tag-germany","16":"tag-news","17":"tag-republique-federale-dallemagne"},"share_on_mastodon":{"url":"https:\/\/pubeurope.com\/@fr\/115133908512661903","error":""},"_links":{"self":[{"href":"https:\/\/www.europesays.com\/fr\/wp-json\/wp\/v2\/posts\/360388","targetHints":{"allow":["GET"]}}],"collection":[{"href":"https:\/\/www.europesays.com\/fr\/wp-json\/wp\/v2\/posts"}],"about":[{"href":"https:\/\/www.europesays.com\/fr\/wp-json\/wp\/v2\/types\/post"}],"author":[{"embeddable":true,"href":"https:\/\/www.europesays.com\/fr\/wp-json\/wp\/v2\/users\/2"}],"replies":[{"embeddable":true,"href":"https:\/\/www.europesays.com\/fr\/wp-json\/wp\/v2\/comments?post=360388"}],"version-history":[{"count":0,"href":"https:\/\/www.europesays.com\/fr\/wp-json\/wp\/v2\/posts\/360388\/revisions"}],"wp:featuredmedia":[{"embeddable":true,"href":"https:\/\/www.europesays.com\/fr\/wp-json\/wp\/v2\/media\/360389"}],"wp:attachment":[{"href":"https:\/\/www.europesays.com\/fr\/wp-json\/wp\/v2\/media?parent=360388"}],"wp:term":[{"taxonomy":"category","embeddable":true,"href":"https:\/\/www.europesays.com\/fr\/wp-json\/wp\/v2\/categories?post=360388"},{"taxonomy":"post_tag","embeddable":true,"href":"https:\/\/www.europesays.com\/fr\/wp-json\/wp\/v2\/tags?post=360388"}],"curies":[{"name":"wp","href":"https:\/\/api.w.org\/{rel}","templated":true}]}}