{"id":360390,"date":"2025-09-02T09:06:19","date_gmt":"2025-09-02T09:06:19","guid":{"rendered":"https:\/\/www.europesays.com\/fr\/360390\/"},"modified":"2025-09-02T09:06:19","modified_gmt":"2025-09-02T09:06:19","slug":"rama-nous-aimons-leurope-inconditionnellement-meme-si-elle-nous-a-fait-beaucoup-souffrir","status":"publish","type":"post","link":"https:\/\/www.europesays.com\/fr\/360390\/","title":{"rendered":"Rama : Nous aimons l&rsquo;Europe inconditionnellement, m\u00eame si elle nous a fait beaucoup souffrir"},"content":{"rendered":"<p>                                                Rama : Nous aimons l&rsquo;Europe inconditionnellement m\u00eame si elle nous a fait beaucoup souffrir                    <\/p>\n<p>                        <img decoding=\"async\" src=\"https:\/\/www.europesays.com\/fr\/wp-content\/uploads\/2025\/09\/540932340_1187929493369545_4704912321891665303_n-531x360.jpg\" alt=\"\"\/><\/p>\n<p>                        nouvelles<\/p>\n<p>                            <img decoding=\"async\" src=\"https:\/\/www.europesays.com\/fr\/wp-content\/uploads\/2025\/08\/LogoExpress-96x96.png\" alt=\"\"\/><\/p>\n<p>                        Gazeta Express<br \/>\n                        02\/09\/2025 10:14<\/p>\n<p>\u00ab Nous aimons l&rsquo;Europe inconditionnellement, m\u00eame si l&rsquo;Europe nous a fait beaucoup souffrir \u00bb, a d\u00e9clar\u00e9 le Premier ministre Rama lors d&rsquo;une table ronde au Forum strat\u00e9gique de Bled, en Slov\u00e9nie, qui s&rsquo;est tenue hier, en compagnie du Premier ministre mont\u00e9n\u00e9grin Milojko Spajic, de la commissaire europ\u00e9enne \u00e0 l&rsquo;\u00e9largissement, Marta Kos, et du Premier ministre croate Andrej Plenkovic. <\/p>\n<p>Pour Rama, la bonne nouvelle est que \u00ab l&rsquo;Europe a laiss\u00e9 ces absurdit\u00e9s derri\u00e8re elle. Nous vous aimons, mais nous ne sommes pas pr\u00eats \u00e0 vous parler. \u00bb Des n\u00e9gociations sont en cours, a-t-il d\u00e9clar\u00e9, et l&rsquo;Albanie vise \u00e0 les conclure en 2027. L&rsquo;UE nous met au d\u00e9fi, a-t-il ajout\u00e9, mais \u00ab au final, je suis convaincu que nous finirons par l&rsquo;\u00e9pouser \u00bb.<\/p>\n<p>Le Forum strat\u00e9gique de Bled, qui s&rsquo;est r\u00e9uni en Slov\u00e9nie avec les chefs de gouvernement et d&rsquo;\u00c9tat des Balkans, de l&rsquo;UE occidentale et des repr\u00e9sentants de l&rsquo;Allemagne, a c\u00e9l\u00e9br\u00e9 son 20e anniversaire cette ann\u00e9e. Avec ce forum, la Slov\u00e9nie promeut depuis 20 ans la diplomatie et le dialogue politique entre ses pays voisins.<\/p>\n<p>L&rsquo;envoy\u00e9 allemand \u00e0 Bled, ministre d&rsquo;\u00c9tat au minist\u00e8re des Affaires \u00e9trang\u00e8res, Florian Hahn, a d\u00e9clar\u00e9 qu&rsquo;il s&rsquo;attend \u00e0 ce que lors de ce forum, des discussions avec des partenaires europ\u00e9ens et internationaux sur les d\u00e9fis g\u00e9opolitiques de notre \u00e9poque, en mettant l&rsquo;accent sur la d\u00e9fense et la s\u00e9curit\u00e9 de l&rsquo;Ukraine et l&rsquo;int\u00e9gration europ\u00e9enne des Balkans occidentaux. \/DW\/<\/p>\n","protected":false},"excerpt":{"rendered":"Rama : Nous aimons l&rsquo;Europe inconditionnellement m\u00eame si elle nous a fait beaucoup souffrir nouvelles Gazeta Express 02\/09\/2025&hellip;\n","protected":false},"author":2,"featured_media":360391,"comment_status":"","ping_status":"","sticky":false,"template":"","format":"standard","meta":{"footnotes":""},"categories":[1586],"tags":[11,1777,674,1011,27,12,25],"class_list":{"0":"post-360390","1":"post","2":"type-post","3":"status-publish","4":"format-standard","5":"has-post-thumbnail","7":"category-europe","8":"tag-actualites","9":"tag-eu","10":"tag-europe","11":"tag-fr","12":"tag-france","13":"tag-news","14":"tag-republique-francaise"},"share_on_mastodon":{"url":"https:\/\/pubeurope.com\/@fr\/115133912562911830","error":""},"_links":{"self":[{"href":"https:\/\/www.europesays.com\/fr\/wp-json\/wp\/v2\/posts\/360390","targetHints":{"allow":["GET"]}}],"collection":[{"href":"https:\/\/www.europesays.com\/fr\/wp-json\/wp\/v2\/posts"}],"about":[{"href":"https:\/\/www.europesays.com\/fr\/wp-json\/wp\/v2\/types\/post"}],"author":[{"embeddable":true,"href":"https:\/\/www.europesays.com\/fr\/wp-json\/wp\/v2\/users\/2"}],"replies":[{"embeddable":true,"href":"https:\/\/www.europesays.com\/fr\/wp-json\/wp\/v2\/comments?post=360390"}],"version-history":[{"count":0,"href":"https:\/\/www.europesays.com\/fr\/wp-json\/wp\/v2\/posts\/360390\/revisions"}],"wp:featuredmedia":[{"embeddable":true,"href":"https:\/\/www.europesays.com\/fr\/wp-json\/wp\/v2\/media\/360391"}],"wp:attachment":[{"href":"https:\/\/www.europesays.com\/fr\/wp-json\/wp\/v2\/media?parent=360390"}],"wp:term":[{"taxonomy":"category","embeddable":true,"href":"https:\/\/www.europesays.com\/fr\/wp-json\/wp\/v2\/categories?post=360390"},{"taxonomy":"post_tag","embeddable":true,"href":"https:\/\/www.europesays.com\/fr\/wp-json\/wp\/v2\/tags?post=360390"}],"curies":[{"name":"wp","href":"https:\/\/api.w.org\/{rel}","templated":true}]}}