{"id":360398,"date":"2025-09-02T09:10:18","date_gmt":"2025-09-02T09:10:18","guid":{"rendered":"https:\/\/www.europesays.com\/fr\/360398\/"},"modified":"2025-09-02T09:10:18","modified_gmt":"2025-09-02T09:10:18","slug":"une-edition-exclusive-pour-celebrer-le-mans","status":"publish","type":"post","link":"https:\/\/www.europesays.com\/fr\/360398\/","title":{"rendered":"une \u00e9dition exclusive pour c\u00e9l\u00e9brer Le Mans"},"content":{"rendered":"<p data-start=\"451\" data-end=\"852\">Le <a href=\"https:\/\/www.motoservices.com\/actualite-competition\/MotoGP-2025-au-Mans-bons-abrupts-truands-son-et-lumieres.htm\" target=\"_blank\" rel=\"nofollow noopener\">Grand Prix de France 2025<\/a> a marqu\u00e9 les esprits : dans une ambiance survolt\u00e9e, le pilote Yamaha a sign\u00e9 le record absolu du circuit et s\u2019est \u00e9lanc\u00e9 le lendemain en pole position au guidon de la Yamaha M1.<br data-start=\"650\" data-end=\"653\"\/> Pour c\u00e9l\u00e9brer cet exploit, <strong data-start=\"720\" data-end=\"778\">Yamaha France lance la MT-07 Grand Prix de France 2025<\/strong>, une s\u00e9rie exclusive inspir\u00e9e de la livr\u00e9e officielle utilis\u00e9e au Mans. Cette \u00e9dition rend hommage \u00e0 l\u2019h\u00e9ritage sportif de Yamaha et \u00e0 ses <strong data-start=\"921\" data-end=\"958\">70 ans d\u2019expertise en comp\u00e9tition<\/strong>, tout en \u00e9tant accessible avec la <a href=\"https:\/\/moto-station.com\/moto-revue\/essai\/essai-yamaha-mt-07-2025-avec-ly-amt-il-y-a-de-lia-dans-la-mt\" target=\"_blank\" rel=\"nofollow noopener\">MT-07<\/a>.<\/p>\n<p data-start=\"1071\" data-end=\"1274\">La MT-07 Grand Prix de France se distingue par un <strong data-start=\"1121\" data-end=\"1140\">kit d\u00e9co unique<\/strong>. Pour compl\u00e9ter cette identit\u00e9 racing, plusieurs accessoires sont inclus :<\/p>\n<ul data-start=\"1276\" data-end=\"1428\">&#13;<\/p>\n<li data-start=\"1276\" data-end=\"1305\">&#13;\n<p data-start=\"1278\" data-end=\"1305\"><strong data-start=\"1278\" data-end=\"1292\">Saute-vent<\/strong> (65 \u20ac TTC)<\/p>\n<p>&#13;\n<\/li>\n<p>&#13;<\/p>\n<li data-start=\"1306\" data-end=\"1346\">&#13;\n<p data-start=\"1308\" data-end=\"1346\"><strong data-start=\"1308\" data-end=\"1333\">Support de saute-vent<\/strong> (79 \u20ac TTC)<\/p>\n<p>&#13;\n<\/li>\n<p>&#13;<\/p>\n<li data-start=\"1347\" data-end=\"1390\">&#13;\n<p data-start=\"1349\" data-end=\"1390\"><strong data-start=\"1349\" data-end=\"1376\">Support de plaque court<\/strong> (159 \u20ac TTC)<\/p>\n<p>&#13;\n<\/li>\n<p>&#13;<\/p>\n<li data-start=\"1391\" data-end=\"1428\">&#13;\n<p data-start=\"1393\" data-end=\"1428\"><strong data-start=\"1393\" data-end=\"1414\">Kit d\u00e9co original<\/strong> (308 \u20ac TTC)<\/p>\n<p>&#13;\n<\/li>\n<p>&#13;\n<\/ul>\n<p data-start=\"1430\" data-end=\"1590\">La pose de ce pack demande environ <strong data-start=\"1465\" data-end=\"1493\">4 heures de main d\u2019\u0153uvre<\/strong> (estim\u00e9es \u00e0 260 \u20ac TTC). L\u2019avantage client, en accessoires et montage, s\u2019\u00e9l\u00e8ve \u00e0 <strong data-start=\"1574\" data-end=\"1587\">571 \u20ac TTC.<br \/><\/strong><\/p>\n<p>Une \u00e9dition disponible en toutes versions<\/p>\n<p data-start=\"1644\" data-end=\"1803\">La Yamaha <strong data-start=\"1654\" data-end=\"1689\">MT-07 Grand Prix de France 2025<\/strong> sera disponible \u00e0 partir du <strong data-start=\"1718\" data-end=\"1740\">1er septembre 2025<\/strong> chez les concessionnaires participants, en quantit\u00e9 limit\u00e9e.<\/p>\n","protected":false},"excerpt":{"rendered":"Le Grand Prix de France 2025 a marqu\u00e9 les esprits : dans une ambiance survolt\u00e9e, le pilote Yamaha&hellip;\n","protected":false},"author":2,"featured_media":360399,"comment_status":"","ping_status":"","sticky":false,"template":"","format":"standard","meta":{"footnotes":""},"categories":[4],"tags":[11,1011,27,49598,49597,12,25],"class_list":{"0":"post-360398","1":"post","2":"type-post","3":"status-publish","4":"format-standard","5":"has-post-thumbnail","7":"category-france","8":"tag-actualites","9":"tag-fr","10":"tag-france","11":"tag-motogp-au-mans","12":"tag-mt-07","13":"tag-news","14":"tag-republique-francaise"},"share_on_mastodon":{"url":"https:\/\/pubeurope.com\/@fr\/115133928362277799","error":""},"_links":{"self":[{"href":"https:\/\/www.europesays.com\/fr\/wp-json\/wp\/v2\/posts\/360398","targetHints":{"allow":["GET"]}}],"collection":[{"href":"https:\/\/www.europesays.com\/fr\/wp-json\/wp\/v2\/posts"}],"about":[{"href":"https:\/\/www.europesays.com\/fr\/wp-json\/wp\/v2\/types\/post"}],"author":[{"embeddable":true,"href":"https:\/\/www.europesays.com\/fr\/wp-json\/wp\/v2\/users\/2"}],"replies":[{"embeddable":true,"href":"https:\/\/www.europesays.com\/fr\/wp-json\/wp\/v2\/comments?post=360398"}],"version-history":[{"count":0,"href":"https:\/\/www.europesays.com\/fr\/wp-json\/wp\/v2\/posts\/360398\/revisions"}],"wp:featuredmedia":[{"embeddable":true,"href":"https:\/\/www.europesays.com\/fr\/wp-json\/wp\/v2\/media\/360399"}],"wp:attachment":[{"href":"https:\/\/www.europesays.com\/fr\/wp-json\/wp\/v2\/media?parent=360398"}],"wp:term":[{"taxonomy":"category","embeddable":true,"href":"https:\/\/www.europesays.com\/fr\/wp-json\/wp\/v2\/categories?post=360398"},{"taxonomy":"post_tag","embeddable":true,"href":"https:\/\/www.europesays.com\/fr\/wp-json\/wp\/v2\/tags?post=360398"}],"curies":[{"name":"wp","href":"https:\/\/api.w.org\/{rel}","templated":true}]}}