{"id":360414,"date":"2025-09-02T09:20:11","date_gmt":"2025-09-02T09:20:11","guid":{"rendered":"https:\/\/www.europesays.com\/fr\/360414\/"},"modified":"2025-09-02T09:20:11","modified_gmt":"2025-09-02T09:20:11","slug":"on-sest-pris-la-tete-pour-cyril-hanouna-evoque-pour-la-premiere-fois-la-mort-de-thierry-ardisson","status":"publish","type":"post","link":"https:\/\/www.europesays.com\/fr\/360414\/","title":{"rendered":"\u201cOn s\u2019est pris la t\u00eate pour\u2026\u201d : Cyril Hanouna \u00e9voque pour la premi\u00e8re fois la mort de Thierry Ardisson"},"content":{"rendered":"<p>Ce lundi 1er septembre, <a href=\"https:\/\/www.closermag.fr\/tv_tele_realite\/cyril-hanouna-a-deux-heures-de-sa-prise-dantenne-sur-w9-il-officialise-le-retour-dun-chroniqueur-au-passe-trouble-3574896\" target=\"_blank\" rel=\"noopener\"><br \/>\nCyril Hanouna<\/a> \u00e9tait de retour pour sa premi\u00e8re de <a href=\"https:\/\/www.closermag.fr\/tv_tele_realite\/je-lai-sce-premier-derapage-sur-le-plateau-de-cyril-hanouna-moment-de-flottement-en-direct-3574903\" target=\"_blank\" rel=\"noopener\"><br \/>\nTout beau, tout neuf.<\/a> L&rsquo;animateur en a profit\u00e9 pour<br \/>\nsaluer la m\u00e9moire de Thierry Ardisson, <a href=\"https:\/\/www.closermag.fr\/people\/thierry-ardisson-son-acte-de-deces-devoile-le-mystere-autour-de-la-date-de-sa-mort-enfin-resolu-3572958#:~:text=Les%20mots%20de%20Philippe%20Corti,sont%20d%C3%A9sormais%20plus%20d&#039;actualit%C3%A9.\" target=\"_blank\" rel=\"noopener\"><br \/>\nd\u00e9c\u00e9d\u00e9 le 14 juillet 2025<\/a> des suites d\u2019un cancer. \u00ab\u00a0Il s&rsquo;est<br \/>\npass\u00e9 quand m\u00eame un truc cet \u00e9t\u00e9. Thierry Ardisson nous a quitt\u00e9s.<br \/>\nC&rsquo;est vrai qu&rsquo;on avait <strong>des relations compliqu\u00e9es<\/strong><br \/>\nThierry Ardisson et moi. On s&rsquo;entendait tr\u00e8s tr\u00e8s bien au d\u00e9part et<br \/>\napr\u00e8s \u00e7a a \u00e9t\u00e9 un petit peu compliqu\u00e9 tous les deux\u00a0\u00bb, a-t-il<br \/>\nconfi\u00e9. Et d&rsquo;ajouter : \u00ab\u00a0Quand il est parti, \u00e7a m&rsquo;a beaucoup<br \/>\npein\u00e9 parce que mine de rien, je l&rsquo;aimais beaucoup en<br \/>\nvrai\u00a0\u00bb.<\/p>\n<p>D\u00e9j\u00e0 sur le r\u00e9seau social X, Cyril Hanouna avait rendu hommage \u00e0<br \/>\nson confr\u00e8re. \u00ab\u00a0Quoiqu&rsquo;il soit arriv\u00e9 entre nous. Quoiqu&rsquo;il se<br \/>\nsoit dit. Thierry Ardisson restera un des plus grands de la<br \/>\nt\u00e9l\u00e9vision fran\u00e7aise. On ne peut que saluer sa carri\u00e8re de dingue<br \/>\nqu&rsquo;on l&rsquo;aime ou pas. Et aujourd&rsquo;hui, on est <strong>tous en noir<br \/>\npour l&rsquo;homme en noir<\/strong>. Rip Thierry\u00a0\u00bb, avait-il<br \/>\n\u00e9crit.<\/p>\n<p>Des regrets et des souvenirs partag\u00e9s pour Cyril Hanouna<\/p>\n<p>Dans Tout beau, tout neuf, Cyril Hanouna n\u2019a pas \u00e9lud\u00e9<br \/>\nles tensions qui ont marqu\u00e9 sa relation avec <a href=\"https:\/\/www.closermag.fr\/people\/audrey-crespo-mara-a-besoin-devacuer-un-mois-apres-la-mort-de-thierry-ardisson-son-dur-retour-aux-affaires-3571292\" target=\"_blank\" rel=\"noopener\"><br \/>\nThierry Ardisson<\/a>. Il raconte que leur amiti\u00e9, solide au d\u00e9part,<br \/>\ns&rsquo;est tendue au fil des ann\u00e9es pour des raisons finalement<br \/>\ninsignifiantes, reconnaissant : \u00ab\u00a0<strong>On s&rsquo;est pris la t\u00eate<br \/>\npour rie<\/strong>n avec Thierry, sur vraiment des b\u00eatises en plus,<br \/>\nun jour j&rsquo;ai dit que je n&rsquo;aimais pas son \u00e9mission, il a dit qu&rsquo;il<br \/>\nn&rsquo;aimait pas mon \u00e9mission&#8230;\u00a0\u00bb, a-t-il regrett\u00e9 avant de lui<br \/>\nrendre\u00a0 un bel hommage : \u00ab\u00a0J&rsquo;ai une pens\u00e9e pour Thierry<br \/>\nArdisson ce soir pour cette premi\u00e8re de TBT9 m\u00eame si \u00e7a a \u00e9t\u00e9<br \/>\ncompliqu\u00e9 entre nous.\u00a0\u00bb<\/p>\n<p>Des divergences sur leurs \u00e9missions ont aliment\u00e9 des querelles<br \/>\nparfois publiques, mais Cyril Hanouna avoue avoir beaucoup souffert<br \/>\nde <a href=\"https:\/\/www.telestar.fr\/people\/mort-de-thierry-ardisson-cette-reaction-de-cyril-hanouna-que-lon-attendait-pas-1731181\" target=\"_blank\" rel=\"noopener\"><br \/>\nla disparition de son confr\u00e8re<\/a> : \u00ab\u00a0M\u00eame si on s\u2019en est foutu<br \/>\nplein la gueule, c\u2019est quelqu\u2019un avec qui on a partag\u00e9 des moments<br \/>\ndans le groupe Canal\u2026 On se dit vraiment que \u00e7a a \u00e9t\u00e9 <strong>des<br \/>\nconneries tout \u00e7a\u00a0\u00bb<\/strong>, a-t-il ajout\u00e9.<\/p>\n<p>Thierry Ardisson, l\u2019h\u00e9ritage de l&rsquo;homme<br \/>\nde t\u00e9l\u00e9vision<\/p>\n<p>En cl\u00f4turant son hommage, Cyril Hanouna a rappel\u00e9 la place<br \/>\nincontournable d\u2019Ardisson dans le paysage audiovisuel fran\u00e7ais.<br \/>\nPour lui, Thierry Ardisson restera un <strong>\u00ab\u00a0immense talent de la<br \/>\nt\u00e9l\u00e9vision\u00a0\u00bb,<\/strong> admir\u00e9 et respect\u00e9, m\u00eame par ceux avec qui il<br \/>\na eu des diff\u00e9rends.<\/p>\n<p>Cet hommage, sur le plateau de sa nouvelle \u00e9mission, a touch\u00e9 de<br \/>\nnombreux t\u00e9l\u00e9spectateurs. L&rsquo;animateur a ainsi rappel\u00e9 l\u2019importance<br \/>\nde <strong>d\u00e9passer les ranc\u0153urs<\/strong> pour c\u00e9l\u00e9brer ce qui<br \/>\nunit, surtout face \u00e0 la perte.<\/p>\n","protected":false},"excerpt":{"rendered":"Ce lundi 1er septembre, Cyril Hanouna \u00e9tait de retour pour sa premi\u00e8re de Tout beau, tout neuf. L&rsquo;animateur&hellip;\n","protected":false},"author":2,"featured_media":360415,"comment_status":"","ping_status":"","sticky":false,"template":"","format":"standard","meta":{"footnotes":""},"categories":[1359],"tags":[548,58,59,1011,27,973,10058],"class_list":{"0":"post-360414","1":"post","2":"type-post","3":"status-publish","4":"format-standard","5":"has-post-thumbnail","7":"category-people","8":"tag-article-simple","9":"tag-divertissement","10":"tag-entertainment","11":"tag-fr","12":"tag-france","13":"tag-people","14":"tag-thierry-ardisson"},"share_on_mastodon":{"url":"https:\/\/pubeurope.com\/@fr\/115133967394429630","error":""},"_links":{"self":[{"href":"https:\/\/www.europesays.com\/fr\/wp-json\/wp\/v2\/posts\/360414","targetHints":{"allow":["GET"]}}],"collection":[{"href":"https:\/\/www.europesays.com\/fr\/wp-json\/wp\/v2\/posts"}],"about":[{"href":"https:\/\/www.europesays.com\/fr\/wp-json\/wp\/v2\/types\/post"}],"author":[{"embeddable":true,"href":"https:\/\/www.europesays.com\/fr\/wp-json\/wp\/v2\/users\/2"}],"replies":[{"embeddable":true,"href":"https:\/\/www.europesays.com\/fr\/wp-json\/wp\/v2\/comments?post=360414"}],"version-history":[{"count":0,"href":"https:\/\/www.europesays.com\/fr\/wp-json\/wp\/v2\/posts\/360414\/revisions"}],"wp:featuredmedia":[{"embeddable":true,"href":"https:\/\/www.europesays.com\/fr\/wp-json\/wp\/v2\/media\/360415"}],"wp:attachment":[{"href":"https:\/\/www.europesays.com\/fr\/wp-json\/wp\/v2\/media?parent=360414"}],"wp:term":[{"taxonomy":"category","embeddable":true,"href":"https:\/\/www.europesays.com\/fr\/wp-json\/wp\/v2\/categories?post=360414"},{"taxonomy":"post_tag","embeddable":true,"href":"https:\/\/www.europesays.com\/fr\/wp-json\/wp\/v2\/tags?post=360414"}],"curies":[{"name":"wp","href":"https:\/\/api.w.org\/{rel}","templated":true}]}}