{"id":360416,"date":"2025-09-02T09:22:11","date_gmt":"2025-09-02T09:22:11","guid":{"rendered":"https:\/\/www.europesays.com\/fr\/360416\/"},"modified":"2025-09-02T09:22:11","modified_gmt":"2025-09-02T09:22:11","slug":"la-librairie-boheme-prend-la-route","status":"publish","type":"post","link":"https:\/\/www.europesays.com\/fr\/360416\/","title":{"rendered":"La Librairie Boh\u00e8me prend la route"},"content":{"rendered":"<p>R\u00c9GIONAL. Am\u00e9nag\u00e9e dans une remorque ferm\u00e9e transform\u00e9e en mini-boutique chaleureuse, la Librairie Boh\u00e8me roule d\u00e9j\u00e0 ses premiers kilom\u00e8tres. Port\u00e9 par l\u2019autrice ind\u00e9pendante Marie-Michelle Savard, le projet veut amener les livres l\u00e0 o\u00f9 se trouvent les lecteurs : march\u00e9s publics, festivals, campings, \u00e9coles rurales et parcs.<\/p>\n<p>\u201cCe n\u2019est pas qu\u2019une remorque, c\u2019est toute une communaut\u00e9 litt\u00e9raire qu\u2019on met en mouvement. \u00c0 travers les routes et les rencontres, on veut faire d\u00e9couvrir les plumes d\u2019ici et reconnecter les lecteurs au pouvoir des mots\u201d, dit la fondatrice.<\/p>\n<p>Inspir\u00e9s par des concepts vus en Europe, Marie-Michelle Savard et son conjoint ont achet\u00e9 une remorque ferm\u00e9e qu\u2019ils ont habill\u00e9e de plancher, lambris et papier peint. Les livres sont pr\u00e9sent\u00e9s dans des valises anciennes pratique pour les prot\u00e9ger en transport et l\u2019\u00e9quipe dresse sur place un espace d\u00e9tente: petit chapiteau, quatre hamacs autoportants, et m\u00eame des livres \u00e0 feuilleter pour donner envie de lire.<\/p>\n<p>La librairie circule en consigne: pas d\u2019achats massifs d\u2019inventaire, les auteurs d\u00e9posent leurs titres et touchent une part \u00e0 la vente. Le catalogue compte d\u00e9j\u00e0 une cinquantaine de titres d\u2019environ 26 auteurs: romans (plusieurs sous-genres de romance), po\u00e9sie, essais l\u00e9gers, albums jeunesse, cahiers \u00e0 colorier d\u2019artistes locaux.<\/p>\n<p>\u201cOn accueille deux personnes \u00e0 la fois dans la remorque; on jase go\u00fbts de lecture et je les oriente vers le bon livre\u201d, r\u00e9sume la Shawiniganaise.<\/p>\n<p><img decoding=\"async\" src=\"https:\/\/www.europesays.com\/fr\/wp-content\/uploads\/2025\/09\/610e84b4fda86050e880e8v_00229671.jpg\"\/><\/p>\n<p>(Photo courtoisie)<\/p>\n<p>Des arr\u00eats qui s\u2019encha\u00eenent<\/p>\n<p>Parti en juin comme projet pilote, le concept a \u00e9t\u00e9 test\u00e9 d\u00e9but juillet dans un camping, puis lors d\u2019une installation au Mus\u00e9e de la biodiversit\u00e9 \u00e0 B\u00e9cancour. Bilan: curiosit\u00e9, achats spontan\u00e9s et rencontres. \u201cLes gens entrent, discutent, repartent avec un titre. En quelques heures, on a vendu une douzaine de livres lors d\u2019un test\u201d, dit Mme Savard.<\/p>\n<p>\u00c0 sa connaissance, le format est unique au Qu\u00e9bec. Elle cite la Caravane litt\u00e9raire de Guillaume Morissette, au fonctionnement diff\u00e9rent (commandes r\u00e9cup\u00e9r\u00e9es sur un trajet pr\u00e9cis). Ici, pas de pr\u00e9vente: c\u2019est la rencontre directe autour des livres.<\/p>\n<p>Un mouvement \u00e0 financer<\/p>\n<p>La grosse d\u00e9pense? La remorque. Pour boucler le montage, l\u2019\u00e9quipe a lanc\u00e9 une campagne de sociofinancement sur La Ruche, ouverte jusqu\u2019au 16 septembre. Contreparties propos\u00e9es: livres myst\u00e8res d\u2019auteurs qu\u00e9b\u00e9cois, sacs artisanaux, forfaits de commandite et autres surprises \u00e0 l\u2019image de l\u2019esth\u00e9tique boh\u00e8me du projet.<\/p>\n<p>\u201cEn participant, vous ne financez pas seulement une remorque vous contribuez \u00e0 un mouvement culturel et \u00e0 la mise en lumi\u00e8re de talents locaux\u201d, plaide la fondatrice.<\/p>\n<p>Et la suite ?<\/p>\n<p>Apr\u00e8s un \u00e9t\u00e9 d\u2019essais, l\u2019objectif est de b\u00e2tir un calendrier \u00e0 l\u2019\u00e9chelle du Qu\u00e9bec en misant sur des partenariats d\u2019\u00e9tape et des rencontres d\u2019auteurs hors du circuit des salons.<\/p>\n<p>\u201cMon r\u00eave ultime, c\u2019est que je m\u2019ach\u00e8te un Westfalia ou quelque chose du genre. On installe la remorque apr\u00e8s le Westfalia. On se prom\u00e8ne facilement et on s\u2019arr\u00eate de place en place. J\u2019aimerais que ce soit facile et fluide et qu\u2019on aille vraiment \u00e0 la rencontre d\u2019un maximum de personnes\u201d, conclut l\u2019auteure.<\/p>\n","protected":false},"excerpt":{"rendered":"R\u00c9GIONAL. Am\u00e9nag\u00e9e dans une remorque ferm\u00e9e transform\u00e9e en mini-boutique chaleureuse, la Librairie Boh\u00e8me roule d\u00e9j\u00e0 ses premiers kilom\u00e8tres.&hellip;\n","protected":false},"author":2,"featured_media":360417,"comment_status":"","ping_status":"","sticky":false,"template":"","format":"standard","meta":{"footnotes":""},"categories":[1357],"tags":[1379,58,59,1011,27,1380],"class_list":{"0":"post-360416","1":"post","2":"type-post","3":"status-publish","4":"format-standard","5":"has-post-thumbnail","7":"category-livres","8":"tag-books","9":"tag-divertissement","10":"tag-entertainment","11":"tag-fr","12":"tag-france","13":"tag-livres"},"share_on_mastodon":{"url":"https:\/\/pubeurope.com\/@fr\/115133975875671560","error":""},"_links":{"self":[{"href":"https:\/\/www.europesays.com\/fr\/wp-json\/wp\/v2\/posts\/360416","targetHints":{"allow":["GET"]}}],"collection":[{"href":"https:\/\/www.europesays.com\/fr\/wp-json\/wp\/v2\/posts"}],"about":[{"href":"https:\/\/www.europesays.com\/fr\/wp-json\/wp\/v2\/types\/post"}],"author":[{"embeddable":true,"href":"https:\/\/www.europesays.com\/fr\/wp-json\/wp\/v2\/users\/2"}],"replies":[{"embeddable":true,"href":"https:\/\/www.europesays.com\/fr\/wp-json\/wp\/v2\/comments?post=360416"}],"version-history":[{"count":0,"href":"https:\/\/www.europesays.com\/fr\/wp-json\/wp\/v2\/posts\/360416\/revisions"}],"wp:featuredmedia":[{"embeddable":true,"href":"https:\/\/www.europesays.com\/fr\/wp-json\/wp\/v2\/media\/360417"}],"wp:attachment":[{"href":"https:\/\/www.europesays.com\/fr\/wp-json\/wp\/v2\/media?parent=360416"}],"wp:term":[{"taxonomy":"category","embeddable":true,"href":"https:\/\/www.europesays.com\/fr\/wp-json\/wp\/v2\/categories?post=360416"},{"taxonomy":"post_tag","embeddable":true,"href":"https:\/\/www.europesays.com\/fr\/wp-json\/wp\/v2\/tags?post=360416"}],"curies":[{"name":"wp","href":"https:\/\/api.w.org\/{rel}","templated":true}]}}