{"id":360432,"date":"2025-09-02T09:30:12","date_gmt":"2025-09-02T09:30:12","guid":{"rendered":"https:\/\/www.europesays.com\/fr\/360432\/"},"modified":"2025-09-02T09:30:12","modified_gmt":"2025-09-02T09:30:12","slug":"un-petit-ajout-qui-renforce-la-transparence","status":"publish","type":"post","link":"https:\/\/www.europesays.com\/fr\/360432\/","title":{"rendered":"un petit ajout qui renforce la transparence"},"content":{"rendered":"<p>              <img decoding=\"async\" class=\"article-author__picture webp\" src=\"https:\/\/www.europesays.com\/fr\/wp-content\/uploads\/2025\/07\/stefan-godin-renovation-energetique.png.webp\" alt=\"Stefan Godin\"\/><\/p>\n<p class=\"article-author__info--name\"> Par<br \/>\n                      <a href=\"https:\/\/selectra.info\/user\/22171\" target=\"_blank\" rel=\"noopener author nofollow\"> Stefan Godin <\/a><\/p>\n<p class=\"article-author__info--description\"> R\u00e9dacteur\/Sp\u00e9cialiste sur le domaine de la R\u00e9novation Energetique <\/p>\n<p>        Publi\u00e9 le<\/p>\n<p>                                02\/09\/2025<\/p>\n<p>            min de lecture\n        <\/p>\n<p class=\"intro\">Depuis le 1er septembre, un petit carr\u00e9 noir et blanc s\u2019invite discr\u00e8tement en haut du rapport DPE. Ce QR code, d\u00e9sormais obligatoire, permet de v\u00e9rifier que le document transmis est bien officiel. Une nouveaut\u00e9 pens\u00e9e pour lutter contre les fraudes, mais qui, dans les faits, simplifie la vie des particuliers et renforce la confiance dans un diagnostic devenu central pour louer, vendre ou acheter un bien.<\/p>\n<p>\ud83d\udcf1 Un scan pour valider le DPE, en toute simplicit\u00e9<\/p>\n<p>La nouveaut\u00e9 est discr\u00e8te, mais son utilit\u00e9 est imm\u00e9diate. D\u00e9sormais, chaque <a href=\"https:\/\/selectra.info\/energie\/renovation-energetique\/dpe\" rel=\"nofollow noopener\" target=\"_blank\">DPE (diagnostic de performance \u00e9nerg\u00e9tique)<\/a> <strong>int\u00e8gre un QR code officiel<\/strong>, positionn\u00e9 en haut \u00e0 droite du rapport.<\/p>\n<p>En scannant ce <strong>QR code<\/strong> avec un smartphone, le futur occupant du logement peut s\u2019assurer que le document est bien enregistr\u00e9 aupr\u00e8s de l\u2019ADEME, que toutes les donn\u00e9es sont coh\u00e9rentes, et que l\u2019\u00e9tiquette \u00e9nerg\u00e9tique n\u2019a pas \u00e9t\u00e9 modifi\u00e9e entre deux impressions.<\/p>\n<p>Cette mesure, introduite par l\u2019<a href=\"https:\/\/www.legifrance.gouv.fr\/jorf\/id\/JORFTEXT000051754436\" target=\"_blank\" rel=\"nofollow noopener\">arr\u00eat\u00e9 du 16 Juin 2025<\/a>, permet d\u2019automatiser cette v\u00e9rification via un simple geste, \u00e0 l\u2019instant m\u00eame o\u00f9 le diagnostic est pr\u00e9sent\u00e9.<\/p>\n<p>Fini les doutes, les recherches manuelles sur des plateformes m\u00e9connues ou les risques d\u2019erreur involontaire. L\u2019information devient accessible en un geste, \u00e0 l\u2019instant m\u00eame o\u00f9 le diagnostic est pr\u00e9sent\u00e9.<\/p>\n<p>Cette \u00e9volution renforce un droit fondamental du consommateur : celui de <strong>pouvoir faire confiance<\/strong> \u00e0 l\u2019un des documents les plus sensibles d\u2019une transaction immobili\u00e8re, mais aussi d\u2019un <a href=\"https:\/\/selectra.info\/energie\/renovation-energetique\" rel=\"nofollow noopener\" target=\"_blank\">projet de r\u00e9novation \u00e9nerg\u00e9tique<\/a> encadr\u00e9 et fiable.<\/p>\n<blockquote>\n<p>\u00ab\u00a0S\u00e9curiser. Fiabiliser. Restaurer la confiance dans le DPE.\u00a0\u00bb<\/p>\n<p>\u2013 Val\u00e9rie L\u00e9tard, ministre du LogementLinkedIn<\/p>\n<\/blockquote>\n<p>\u2705 Pourquoi ce QR code est un bon signe pour tous<\/p>\n<p>Le DPE, depuis la loi Climat Climat et r\u00e9silience, une des <a href=\"https:\/\/selectra.info\/energie\/renovation-energetique\/dpe\/loi\" rel=\"nofollow noopener\" target=\"_blank\">lois DPE<\/a> les plus importantes , <strong>impacte directement la valeur et la mise en location d\u2019un logement<\/strong>. Un <a href=\"https:\/\/selectra.info\/energie\/renovation-energetique\/dpe\/dpe-g\" rel=\"nofollow noopener\" target=\"_blank\">bien avec un DPE G<\/a> est d\u00e9j\u00e0 interdit \u00e0 la location, et d\u2019autres \u00e9tiquettes vont suivre.<\/p>\n<p>Avec ce QR code :<\/p>\n<ul class=\"list--custom\">\n<li class=\"b--arrow\"><strong>les propri\u00e9taires sont prot\u00e9g\u00e9s<\/strong> contre les erreurs ou fraudes qu\u2019ils pourraient subir<\/li>\n<li class=\"b--arrow\"><strong>les acheteurs et locataires ont un outil de v\u00e9rification instantan\u00e9<\/strong><\/li>\n<li class=\"b--arrow\"><strong>les professionnels gagnent en cr\u00e9dibilit\u00e9<\/strong> aupr\u00e8s de leurs clients<\/li>\n<\/ul>\n<p>C\u2019est donc un <strong>levier de transparence<\/strong>, sans contrainte suppl\u00e9mentaire, ni hausse de tarif.<\/p>\n<p>\ud83d\udccd Les prochains jalons \u00e0 surveiller<\/p>\n<p>Ce QR code n\u2019est que la <strong>premi\u00e8re \u00e9tape d\u2019un plan plus large de s\u00e9curisation du DPE<\/strong>. D\u2019autres mesures entreront en vigueur tr\u00e8s prochainement :<\/p>\n<ul class=\"list--custom\">\n<li class=\"b--arrow\"><strong>1er octobre 2025<\/strong> : suspension possible des diagnostiqueurs r\u00e9alisant plus de 1 000 DPE par an, sans justification<\/li>\n<li class=\"b--arrow\"><strong>Automne 2025<\/strong> : arriv\u00e9e d\u2019un second QR code, d\u00e9di\u00e9 cette fois au diagnostiqueur, pour v\u00e9rifier sa certification et s\u2019assurer qu\u2019il n\u2019est pas radi\u00e9<\/li>\n<li class=\"b--arrow\"><strong>1er janvier 2026<\/strong> : r\u00e9vision du mode de calcul du DPE, avec revalorisation automatique de nombreux logements chauff\u00e9s \u00e0 l\u2019\u00e9lectricit\u00e9 (<a href=\"https:\/\/selectra.info\/energie\/actualites\/renovation-energetique\/le-gouvernement-chamboule-le-dpe-850-000-logements-sauves-des-passoires-energetiques\" rel=\"nofollow noopener\" target=\"_blank\">En savoir plus<\/a>)<\/li>\n<\/ul>\n<p>Avec ces \u00e9tapes, l\u2019objectif du Gouvernement est clair : <strong>faire du DPE un outil fiable, tra\u00e7able et durable<\/strong>, sans compliquer le quotidien des particuliers.<\/p>\n<p>      Avez-vous trouv\u00e9 cet article utile ?<\/p>\n<p>100% des 3 votes trouvent l&rsquo;information utile.<\/p>\n","protected":false},"excerpt":{"rendered":"Par Stefan Godin R\u00e9dacteur\/Sp\u00e9cialiste sur le domaine de la R\u00e9novation Energetique Publi\u00e9 le 02\/09\/2025 min de lecture Depuis&hellip;\n","protected":false},"author":2,"featured_media":360433,"comment_status":"","ping_status":"","sticky":false,"template":"","format":"standard","meta":{"footnotes":""},"categories":[6],"tags":[35,33,34,1011,27],"class_list":{"0":"post-360432","1":"post","2":"type-post","3":"status-publish","4":"format-standard","5":"has-post-thumbnail","7":"category-economie","8":"tag-business","9":"tag-economie","10":"tag-economy","11":"tag-fr","12":"tag-france"},"share_on_mastodon":{"url":"https:\/\/pubeurope.com\/@fr\/115134006910964581","error":""},"_links":{"self":[{"href":"https:\/\/www.europesays.com\/fr\/wp-json\/wp\/v2\/posts\/360432","targetHints":{"allow":["GET"]}}],"collection":[{"href":"https:\/\/www.europesays.com\/fr\/wp-json\/wp\/v2\/posts"}],"about":[{"href":"https:\/\/www.europesays.com\/fr\/wp-json\/wp\/v2\/types\/post"}],"author":[{"embeddable":true,"href":"https:\/\/www.europesays.com\/fr\/wp-json\/wp\/v2\/users\/2"}],"replies":[{"embeddable":true,"href":"https:\/\/www.europesays.com\/fr\/wp-json\/wp\/v2\/comments?post=360432"}],"version-history":[{"count":0,"href":"https:\/\/www.europesays.com\/fr\/wp-json\/wp\/v2\/posts\/360432\/revisions"}],"wp:featuredmedia":[{"embeddable":true,"href":"https:\/\/www.europesays.com\/fr\/wp-json\/wp\/v2\/media\/360433"}],"wp:attachment":[{"href":"https:\/\/www.europesays.com\/fr\/wp-json\/wp\/v2\/media?parent=360432"}],"wp:term":[{"taxonomy":"category","embeddable":true,"href":"https:\/\/www.europesays.com\/fr\/wp-json\/wp\/v2\/categories?post=360432"},{"taxonomy":"post_tag","embeddable":true,"href":"https:\/\/www.europesays.com\/fr\/wp-json\/wp\/v2\/tags?post=360432"}],"curies":[{"name":"wp","href":"https:\/\/api.w.org\/{rel}","templated":true}]}}