{"id":360436,"date":"2025-09-02T09:32:09","date_gmt":"2025-09-02T09:32:09","guid":{"rendered":"https:\/\/www.europesays.com\/fr\/360436\/"},"modified":"2025-09-02T09:32:09","modified_gmt":"2025-09-02T09:32:09","slug":"victime-dans-un-etat-grave-suspect-repere-grace-aux-cameras-ce-que-lon-sait-sur-lagression-au-couteau-pres-de-la-gare-centrale-de-nice","status":"publish","type":"post","link":"https:\/\/www.europesays.com\/fr\/360436\/","title":{"rendered":"Victime dans un \u00e9tat grave, suspect rep\u00e9r\u00e9 gr\u00e2ce aux cam\u00e9ras&#8230; Ce que l\u2019on sait sur l\u2019agression au couteau pr\u00e8s de la gare centrale de Nice"},"content":{"rendered":"<p>Le jeune homme bless\u00e9 \u00e0 coup de couteau dans le<strong> quartier de la gare centrale de Nice<\/strong> se trouvait dans un \u00e9tat grave<strong>, lundi soir, au moment de sa prise en charge par les secours.<\/strong> Son pronostic vital \u00e9tait engag\u00e9, apr\u00e8s qu\u2019il eut \u00e9t\u00e9 bless\u00e9 au thorax. Il a \u00e9t\u00e9 conduit au service cardiologie de l\u2019institut Arnault-Tzanck \u00e0 Saint-Laurent-du-Var.<\/p>\n<p>L\u2019agression s\u2019est nou\u00e9e autour de 19h, avenue Georges-Cl\u00e9menceau, art\u00e8re proche de la gare Thiers. Pour un mobile encore ind\u00e9termin\u00e9, <a href=\"https:\/\/www.nicematin.com\/faits-divers\/un-homme-blesse-a-l-arme-blanche-ce-lundi-soir-a-nice-1000152\" rel=\"nofollow noopener\" target=\"_blank\">cet homme \u00e2g\u00e9 de 24 ans aurait re\u00e7u un coup port\u00e9 \u00e0 l\u2019arme blanche<\/a>. Il a \u00e9t\u00e9 pris en charge par les sapeurs-pompiers et le SMUR (service mobile d\u2019urgence et de r\u00e9animation).\u00a0Selon nos informations, il serait connu de la justice.<\/p>\n<p><strong>\u00c0 plusieurs kilom\u00e8tres de l\u00e0<\/strong><\/p>\n<p>Les cam\u00e9ras du centre de supervision urbain ont ratiss\u00e9 les alentours. Elles ont men\u00e9 la police municipale jusqu\u2019\u00e0 un suspect \u00e0 l\u2019ouest de la ville, \u00e0 la hauteur de l\u2019arr\u00eat de tramway Digue-des-Fran\u00e7ais. Cet homme serait un Alg\u00e9rien de 23 ans, sans domicile stable. Il a \u00e9t\u00e9 plac\u00e9 en garde \u00e0 vue au service du Quart. Le service local de police judiciaire (SLPJ) devrait l\u2019entendre dans le cadre d\u2019une enqu\u00eate pour tentative de meurtre.<\/p>\n<p>\u00c0 six mois des \u00e9lections municipales, cette agression a fait r\u00e9agir les deux t\u00e9nors de la droite ni\u00e7oise. \u00ab\u00a0Combien de temps allons-nous tol\u00e9rer cette violence quotidienne?\u00a0\u00bb, s\u2019est insurg\u00e9 sur le r\u00e9seau X (ex-Twitter) le d\u00e9put\u00e9 UDR Eric Ciotti, candidat d\u00e9sormais officiel au fauteuil de maire. L\u2019actuel titulaire du poste, Christian Estrosi, a pour sa part f\u00e9licit\u00e9 la police municipale qui a arr\u00eat\u00e9 le suspect \u00ab\u00a0gr\u00e2ce \u00e0 la vid\u00e9oprotection\u00a0\u00bb, \u00e0 l\u2019unisson d\u2019Anthony Borr\u00e9, son premier adjoint d\u00e9l\u00e9gu\u00e9 \u00e0 la s\u00e9curit\u00e9.<\/p>\n","protected":false},"excerpt":{"rendered":"Le jeune homme bless\u00e9 \u00e0 coup de couteau dans le quartier de la gare centrale de Nice se&hellip;\n","protected":false},"author":2,"featured_media":360437,"comment_status":"","ping_status":"","sticky":false,"template":"","format":"standard","meta":{"footnotes":""},"categories":[4],"tags":[11,118,1011,27,303,12,25],"class_list":{"0":"post-360436","1":"post","2":"type-post","3":"status-publish","4":"format-standard","5":"has-post-thumbnail","7":"category-france","8":"tag-actualites","9":"tag-faits-divers","10":"tag-fr","11":"tag-france","12":"tag-justice","13":"tag-news","14":"tag-republique-francaise"},"share_on_mastodon":{"url":"https:\/\/pubeurope.com\/@fr\/115134014642245508","error":""},"_links":{"self":[{"href":"https:\/\/www.europesays.com\/fr\/wp-json\/wp\/v2\/posts\/360436","targetHints":{"allow":["GET"]}}],"collection":[{"href":"https:\/\/www.europesays.com\/fr\/wp-json\/wp\/v2\/posts"}],"about":[{"href":"https:\/\/www.europesays.com\/fr\/wp-json\/wp\/v2\/types\/post"}],"author":[{"embeddable":true,"href":"https:\/\/www.europesays.com\/fr\/wp-json\/wp\/v2\/users\/2"}],"replies":[{"embeddable":true,"href":"https:\/\/www.europesays.com\/fr\/wp-json\/wp\/v2\/comments?post=360436"}],"version-history":[{"count":0,"href":"https:\/\/www.europesays.com\/fr\/wp-json\/wp\/v2\/posts\/360436\/revisions"}],"wp:featuredmedia":[{"embeddable":true,"href":"https:\/\/www.europesays.com\/fr\/wp-json\/wp\/v2\/media\/360437"}],"wp:attachment":[{"href":"https:\/\/www.europesays.com\/fr\/wp-json\/wp\/v2\/media?parent=360436"}],"wp:term":[{"taxonomy":"category","embeddable":true,"href":"https:\/\/www.europesays.com\/fr\/wp-json\/wp\/v2\/categories?post=360436"},{"taxonomy":"post_tag","embeddable":true,"href":"https:\/\/www.europesays.com\/fr\/wp-json\/wp\/v2\/tags?post=360436"}],"curies":[{"name":"wp","href":"https:\/\/api.w.org\/{rel}","templated":true}]}}