{"id":360440,"date":"2025-09-02T09:35:11","date_gmt":"2025-09-02T09:35:11","guid":{"rendered":"https:\/\/www.europesays.com\/fr\/360440\/"},"modified":"2025-09-02T09:35:11","modified_gmt":"2025-09-02T09:35:11","slug":"saint-etienne-apres-de-gros-travaux-cette-piscine-frequentee-rouvre-les-changements","status":"publish","type":"post","link":"https:\/\/www.europesays.com\/fr\/360440\/","title":{"rendered":"Saint-Etienne. Apr\u00e8s de gros travaux, cette piscine fr\u00e9quent\u00e9e rouvre : les changements"},"content":{"rendered":"<p>            Par<br \/>\n        <strong><br \/>\n            <a href=\"https:\/\/actu.fr\/auteur\/mathias-souteyrat\" title=\"Consulter tous les articles de Mathias Souteyrat\" target=\"_blank\" rel=\"noopener\">Mathias Souteyrat<\/a><br \/>\n        <\/strong><\/p>\n<p>        Publi\u00e9 le<\/p>\n<p>            2 sept. 2025 \u00e0 11h22        <\/p>\n<p>La piscine municipale Grouchy \u00e0 <a href=\"https:\/\/actu.fr\/saint-etienne\/\" target=\"_blank\" rel=\"noopener\">Saint-\u00c9tienne<\/a> rouvre au public ce mercredi 3\u00a0septembre apr\u00e8s 12\u00a0mois de chantier. Avant sa r\u00e9ouverture, les \u00e9lus ont fait une visite du site le 1er\u00a0septembre, jour de rentr\u00e9e scolaire. Cette r\u00e9novation quasi-totale du b\u00e2timent est la premi\u00e8re depuis la cr\u00e9ation de la structure datant de 1970. Voici ce qui a chang\u00e9.<\/p>\n<p>Reconstruction totale du grand bassin, r\u00e9paration de la charpente m\u00e9tallique<\/p>\n<p class=\" wall-content\">Le grand bassin, qui \u00e9tait tr\u00e8s endommag\u00e9 et g\u00e9n\u00e9rait des fuites d\u2019eau importantes, a \u00e9t\u00e9 reconstruit totalement.<\/p>\n<p class=\" wall-content\">La charpente m\u00e9tallique de la halle bassin a \u00e9t\u00e9 r\u00e9par\u00e9e. Les installations de traitement d\u2019air r\u00e9nov\u00e9es.<\/p>\n<p>    <img   decoding=\"async\" loading=\"lazy\" src=\"https:\/\/www.europesays.com\/fr\/wp-content\/uploads\/2025\/09\/piscine-grouchy-renovee-1-960x640.jpg\" alt=\"Avant sa r\u00e9ouverture, les \u00e9lus ont fait une visite du site.\" width=\"960\" height=\"640\"\/><br \/>\n    Avant sa r\u00e9ouverture, les \u00e9lus ont fait une visite du site. (\u00a9J\u00e9r\u00f4me Abou\/ville de Saint-Etienne)<\/p>\n<p class=\" wall-content\">Les vestiaires et le hall d\u2019accueil ont \u00e9t\u00e9 remis en peinture et tous les luminaires remplac\u00e9s par un \u00e9clairage LED, plus \u00e9conome en mati\u00e8re d\u2019\u00e9nergie.<\/p>\n<p>3,3\u00a0millions d\u2019euros de travaux<\/p>\n<p class=\" wall-content\">Cette op\u00e9ration repr\u00e9sente un investissement cons\u00e9quent d\u2019un montant de 3,3\u00a0millions d\u2019euros avec une subvention de l\u2019\u00c9tat de 340\u2009000\u00a0euros.<\/p>\n<p>Trois piscines municipales ferm\u00e9es cet \u00e9t\u00e9 pour travaux<\/p>\n<p>L\u2019\u00e9t\u00e9, temps de vacances pour les scolaires, les clubs et les associations, permet de r\u00e9aliser les op\u00e9rations annuelles d\u2019entretien et de maintenance. Ce fut le cas cette ann\u00e9e pour les piscines Grouchy, Pierre Poty et Yves Nayme.<\/p>\n<p>En mati\u00e8re de fr\u00e9quentation, la saison estivale \u00e0 la piscine municipale Raymond Sommet s\u2019est d\u00e9roul\u00e9e dans de tr\u00e8s bonnes conditions. Ouverte 7 jours\/7 de 10h00 \u00e0 14h00 et de 14h30 \u00e0 20h00, la piscine municipale Raymond Sommet dispose d\u2019une capacit\u00e9 instantan\u00e9e de 1 250 personnes.<\/p>\n<p>\u00ab\u00a0Cette fr\u00e9quentation maximale n\u2019a jamais \u00e9t\u00e9 atteinte cet \u00e9t\u00e9, comme les ann\u00e9es pr\u00e9c\u00e9dentes en 2024 et en 2023\u00a0\u00bb, \u00e9crit la municipalit\u00e9.<\/p>\n<p>La fr\u00e9quentation totale, au dimanche 31 ao\u00fbt, pour juillet et ao\u00fbt, s\u2019est \u00e9lev\u00e9e \u00e0 40 681 entr\u00e9es. En juillet, 19 321 personnes ont acc\u00e9d\u00e9 \u00e0 la piscine (5713 le matin et 9629 l\u2019apr\u00e8s-midi). En ao\u00fbt, 18 728 (5 627 le matin, 12 680 l\u2019apr\u00e8s-midi). <br \/>Sur toute la p\u00e9riode estivale, seulement 3 apr\u00e8s-midi ont d\u00e9pass\u00e9 les 1 000 utilisateurs.<\/p>\n<p>Votre r\u00e9gion, votre actu !<\/p>\n<p>Recevez chaque jour les infos qui comptent pour vous.<\/p>\n<p>\t<a href=\"https:\/\/actu.fr\/newsletter\" class=\"ac-btn ac-btn--corner ac-btn--medium ac-btn--blue800\" target=\"_blank\" rel=\"noopener\">S&rsquo;incrire<\/a><\/p>\n<p class=\" wall-content\">Selon la municipalit\u00e9, la <strong>fr\u00e9quentation<\/strong> de la piscine Grouchy, en moyenne, chaque ann\u00e9e, est de <strong>92\u2009500 entr\u00e9es<\/strong>, avec 37\u2009500 du grand public, 25\u2009000 scolaires, et 30\u2009000\u00a0adh\u00e9rents des clubs et associations dont le Saint-Etienne Handisport tr\u00e8s pr\u00e9sent sur cette piscine.<\/p>\n<p class=\" wall-content\">L\u2019\u00e9cole de natation municipale y r\u00e9alise aussi 34 cours par semaine.<\/p>\n<p class=\" wall-content\">Personnalisez votre actualit\u00e9 en ajoutant vos villes et m\u00e9dias en favori avec <a href=\"https:\/\/moncompte.actu.fr\" title=\"D\u00e9couvez Mon Actu\" rel=\"nofollow noopener\" data-trk=\"{&quot;cta&quot;:{&quot;action&quot;:&quot;https:\\\/\\\/moncompte.actu.fr&quot;,&quot;category&quot;:&quot;mon compte&quot;,&quot;from&quot;:&quot;article footer&quot;,&quot;name&quot;:&quot;Mon actu&quot;,&quot;type&quot;:&quot;cta&quot;}}\" target=\"_blank\">Mon Actu<\/a>.<\/p>\n","protected":false},"excerpt":{"rendered":"Par Mathias Souteyrat Publi\u00e9 le 2 sept. 2025 \u00e0 11h22 La piscine municipale Grouchy \u00e0 Saint-\u00c9tienne rouvre au&hellip;\n","protected":false},"author":2,"featured_media":360441,"comment_status":"","ping_status":"","sticky":false,"template":"","format":"standard","meta":{"footnotes":""},"categories":[9653],"tags":[1111,11,2430,1777,674,1011,27,12,25,4001,104,2086],"class_list":{"0":"post-360440","1":"post","2":"type-post","3":"status-publish","4":"format-standard","5":"has-post-thumbnail","7":"category-saint-etienne","8":"tag-actu","9":"tag-actualites","10":"tag-auvergne-rhone-alpes","11":"tag-eu","12":"tag-europe","13":"tag-fr","14":"tag-france","15":"tag-news","16":"tag-republique-francaise","17":"tag-saint-etienne","18":"tag-societe","19":"tag-travaux"},"share_on_mastodon":{"url":"https:\/\/pubeurope.com\/@fr\/115134026878245584","error":""},"_links":{"self":[{"href":"https:\/\/www.europesays.com\/fr\/wp-json\/wp\/v2\/posts\/360440","targetHints":{"allow":["GET"]}}],"collection":[{"href":"https:\/\/www.europesays.com\/fr\/wp-json\/wp\/v2\/posts"}],"about":[{"href":"https:\/\/www.europesays.com\/fr\/wp-json\/wp\/v2\/types\/post"}],"author":[{"embeddable":true,"href":"https:\/\/www.europesays.com\/fr\/wp-json\/wp\/v2\/users\/2"}],"replies":[{"embeddable":true,"href":"https:\/\/www.europesays.com\/fr\/wp-json\/wp\/v2\/comments?post=360440"}],"version-history":[{"count":0,"href":"https:\/\/www.europesays.com\/fr\/wp-json\/wp\/v2\/posts\/360440\/revisions"}],"wp:featuredmedia":[{"embeddable":true,"href":"https:\/\/www.europesays.com\/fr\/wp-json\/wp\/v2\/media\/360441"}],"wp:attachment":[{"href":"https:\/\/www.europesays.com\/fr\/wp-json\/wp\/v2\/media?parent=360440"}],"wp:term":[{"taxonomy":"category","embeddable":true,"href":"https:\/\/www.europesays.com\/fr\/wp-json\/wp\/v2\/categories?post=360440"},{"taxonomy":"post_tag","embeddable":true,"href":"https:\/\/www.europesays.com\/fr\/wp-json\/wp\/v2\/tags?post=360440"}],"curies":[{"name":"wp","href":"https:\/\/api.w.org\/{rel}","templated":true}]}}