{"id":360444,"date":"2025-09-02T09:38:12","date_gmt":"2025-09-02T09:38:12","guid":{"rendered":"https:\/\/www.europesays.com\/fr\/360444\/"},"modified":"2025-09-02T09:38:12","modified_gmt":"2025-09-02T09:38:12","slug":"la-gare-de-nancy-partiellement-fermee-aux-voyageurs-a-cause-dun-colis-suspect","status":"publish","type":"post","link":"https:\/\/www.europesays.com\/fr\/360444\/","title":{"rendered":"La gare de Nancy partiellement ferm\u00e9e aux voyageurs \u00e0 cause d&rsquo;un\u00a0colis\u00a0suspect"},"content":{"rendered":"<p>            Par<br \/>\n        <strong><br \/>\n            <a href=\"https:\/\/actu.fr\/auteur\/redaction-lorraine\" title=\"Consulter tous les articles de R\u00e9daction Lorraine\" target=\"_blank\" rel=\"noopener\">R\u00e9daction Lorraine<\/a><br \/>\n        <\/strong><\/p>\n<p>        Publi\u00e9 le<\/p>\n<p>            2 sept. 2025 \u00e0 10h54        <\/p>\n<p>Ce mardi 2\u00a0septembre vers 9h50, une intervention de <a href=\"https:\/\/actu.fr\/tag\/police\" target=\"_blank\" rel=\"noopener\">police<\/a> a d\u00e9but\u00e9 \u00e0 la <a href=\"https:\/\/actu.fr\/tag\/gare-de-nancy\" target=\"_blank\" rel=\"noopener\">gare de Nancy<\/a> en raison de la <strong>d\u00e9couverte d\u2019un colis suspect<\/strong>.<\/p>\n<p class=\" wall-content\">Dans l\u2019attente de l\u2019arriv\u00e9e des d\u00e9mineurs, <strong>le hall Thiers est ferm\u00e9 aux voyageurs<\/strong>. Les usagers sont invit\u00e9s \u00e0 \u00e9viter le secteur, et <strong>\u00e0 entrer dans la gare par la place de la R\u00e9publique ou par la rue Saint-L\u00e9on<\/strong>.<\/p>\n<p>Pas d\u2019impact sur le trafic ferroviaire, selon la SNCF<\/p>\n<p class=\" wall-content\">Contact\u00e9e par Lorraine Actu, la <a href=\"https:\/\/actu.fr\/tag\/sncf\" target=\"_blank\" rel=\"noopener\">SNCF<\/a> pr\u00e9cise que le colis serait \u00ab<strong>\u2009un sac isotherme laiss\u00e9 sur le quai au niveau du hall Thiers<\/strong>\u2009\u00bb.<\/p>\n<p class=\" wall-content\">Elle ajoute \u00ab\u2009qu\u2019<strong>aucune perturbation n\u2019est pr\u00e9vue sur le trafic<\/strong>\u2009\u00bb en raison de cet incident.<\/p>\n<p class=\" wall-content\">Personnalisez votre actualit\u00e9 en ajoutant vos villes et m\u00e9dias en favori avec <a href=\"https:\/\/moncompte.actu.fr\" title=\"D\u00e9couvez Mon Actu\" rel=\"nofollow noopener\" data-trk=\"{&quot;cta&quot;:{&quot;action&quot;:&quot;https:\\\/\\\/moncompte.actu.fr&quot;,&quot;category&quot;:&quot;mon compte&quot;,&quot;from&quot;:&quot;article footer&quot;,&quot;name&quot;:&quot;Mon actu&quot;,&quot;type&quot;:&quot;cta&quot;}}\" target=\"_blank\">Mon Actu<\/a>.<\/p>\n","protected":false},"excerpt":{"rendered":"Par R\u00e9daction Lorraine Publi\u00e9 le 2 sept. 2025 \u00e0 10h54 Ce mardi 2\u00a0septembre vers 9h50, une intervention de&hellip;\n","protected":false},"author":2,"featured_media":360445,"comment_status":"","ping_status":"","sticky":false,"template":"","format":"standard","meta":{"footnotes":""},"categories":[9635],"tags":[1111,11,1777,674,118,1011,27,13621,775,1702,12,1072,25,2215],"class_list":{"0":"post-360444","1":"post","2":"type-post","3":"status-publish","4":"format-standard","5":"has-post-thumbnail","7":"category-nancy","8":"tag-actu","9":"tag-actualites","10":"tag-eu","11":"tag-europe","12":"tag-faits-divers","13":"tag-fr","14":"tag-france","15":"tag-gare-de-nancy","16":"tag-grand-est","17":"tag-nancy","18":"tag-news","19":"tag-police","20":"tag-republique-francaise","21":"tag-sncf"},"share_on_mastodon":{"url":"https:\/\/pubeurope.com\/@fr\/115134038251340254","error":""},"_links":{"self":[{"href":"https:\/\/www.europesays.com\/fr\/wp-json\/wp\/v2\/posts\/360444","targetHints":{"allow":["GET"]}}],"collection":[{"href":"https:\/\/www.europesays.com\/fr\/wp-json\/wp\/v2\/posts"}],"about":[{"href":"https:\/\/www.europesays.com\/fr\/wp-json\/wp\/v2\/types\/post"}],"author":[{"embeddable":true,"href":"https:\/\/www.europesays.com\/fr\/wp-json\/wp\/v2\/users\/2"}],"replies":[{"embeddable":true,"href":"https:\/\/www.europesays.com\/fr\/wp-json\/wp\/v2\/comments?post=360444"}],"version-history":[{"count":0,"href":"https:\/\/www.europesays.com\/fr\/wp-json\/wp\/v2\/posts\/360444\/revisions"}],"wp:featuredmedia":[{"embeddable":true,"href":"https:\/\/www.europesays.com\/fr\/wp-json\/wp\/v2\/media\/360445"}],"wp:attachment":[{"href":"https:\/\/www.europesays.com\/fr\/wp-json\/wp\/v2\/media?parent=360444"}],"wp:term":[{"taxonomy":"category","embeddable":true,"href":"https:\/\/www.europesays.com\/fr\/wp-json\/wp\/v2\/categories?post=360444"},{"taxonomy":"post_tag","embeddable":true,"href":"https:\/\/www.europesays.com\/fr\/wp-json\/wp\/v2\/tags?post=360444"}],"curies":[{"name":"wp","href":"https:\/\/api.w.org\/{rel}","templated":true}]}}