{"id":360450,"date":"2025-09-02T09:41:24","date_gmt":"2025-09-02T09:41:24","guid":{"rendered":"https:\/\/www.europesays.com\/fr\/360450\/"},"modified":"2025-09-02T09:41:24","modified_gmt":"2025-09-02T09:41:24","slug":"disparition-brutale-du-president-du-musee-dorsay-sylvain-amic-ancien-conservateur-du-musee-fabre","status":"publish","type":"post","link":"https:\/\/www.europesays.com\/fr\/360450\/","title":{"rendered":"Disparition brutale du pr\u00e9sident du mus\u00e9e d&rsquo;Orsay, Sylvain Amic, ancien conservateur du mus\u00e9e Fabre"},"content":{"rendered":"<p>\u201cL\u2019annonce, soudaine et brutale, de sa disparition est un choc pour beaucoup d\u2019entre nous. Elle laisse un vide immense dans le monde de l\u2019art et des mus\u00e9es, ainsi qu\u2019\u00e0 Montpellier o\u00f9 il comptait tant d\u2019amis et d\u2019anciens coll\u00e8gues\u201c, a r\u00e9agit dans un communiqu\u00e9 le maire de Montpellier, Micha\u00ebl Delafosse, dans la soir\u00e9e de dimanche. Conservateur du mus\u00e9e Fabre dans les ann\u00e9es 2000, \u201cSylvain Amic a jou\u00e9 un r\u00f4le d\u00e9terminant dans le projet de r\u00e9novation et d\u2019extension de cette institution\u201d, poursuit-il, soulignant \u201cl\u2019extr\u00eame \u00e9l\u00e9gance, la bienveillance et la tr\u00e8s grande culture\u201d de \u201cl\u2019un des meilleurs d\u00e9fenseurs des arts et de la culture\u201d.<\/p>\n","protected":false},"excerpt":{"rendered":"\u201cL\u2019annonce, soudaine et brutale, de sa disparition est un choc pour beaucoup d\u2019entre nous. Elle laisse un vide&hellip;\n","protected":false},"author":2,"featured_media":360451,"comment_status":"","ping_status":"","sticky":false,"template":"","format":"standard","meta":{"footnotes":""},"categories":[9599],"tags":[1111,11,1777,674,1011,27,2208,12,2680,25],"class_list":{"0":"post-360450","1":"post","2":"type-post","3":"status-publish","4":"format-standard","5":"has-post-thumbnail","7":"category-montpellier","8":"tag-actu","9":"tag-actualites","10":"tag-eu","11":"tag-europe","12":"tag-fr","13":"tag-france","14":"tag-montpellier","15":"tag-news","16":"tag-occitanie","17":"tag-republique-francaise"},"share_on_mastodon":{"url":"https:\/\/pubeurope.com\/@fr\/115134050052405973","error":""},"_links":{"self":[{"href":"https:\/\/www.europesays.com\/fr\/wp-json\/wp\/v2\/posts\/360450","targetHints":{"allow":["GET"]}}],"collection":[{"href":"https:\/\/www.europesays.com\/fr\/wp-json\/wp\/v2\/posts"}],"about":[{"href":"https:\/\/www.europesays.com\/fr\/wp-json\/wp\/v2\/types\/post"}],"author":[{"embeddable":true,"href":"https:\/\/www.europesays.com\/fr\/wp-json\/wp\/v2\/users\/2"}],"replies":[{"embeddable":true,"href":"https:\/\/www.europesays.com\/fr\/wp-json\/wp\/v2\/comments?post=360450"}],"version-history":[{"count":0,"href":"https:\/\/www.europesays.com\/fr\/wp-json\/wp\/v2\/posts\/360450\/revisions"}],"wp:featuredmedia":[{"embeddable":true,"href":"https:\/\/www.europesays.com\/fr\/wp-json\/wp\/v2\/media\/360451"}],"wp:attachment":[{"href":"https:\/\/www.europesays.com\/fr\/wp-json\/wp\/v2\/media?parent=360450"}],"wp:term":[{"taxonomy":"category","embeddable":true,"href":"https:\/\/www.europesays.com\/fr\/wp-json\/wp\/v2\/categories?post=360450"},{"taxonomy":"post_tag","embeddable":true,"href":"https:\/\/www.europesays.com\/fr\/wp-json\/wp\/v2\/tags?post=360450"}],"curies":[{"name":"wp","href":"https:\/\/api.w.org\/{rel}","templated":true}]}}