{"id":360454,"date":"2025-09-02T09:43:11","date_gmt":"2025-09-02T09:43:11","guid":{"rendered":"https:\/\/www.europesays.com\/fr\/360454\/"},"modified":"2025-09-02T09:43:11","modified_gmt":"2025-09-02T09:43:11","slug":"le-booster-camp-est-de-retour-a-rouen-les-9-10-septembre-prochains","status":"publish","type":"post","link":"https:\/\/www.europesays.com\/fr\/360454\/","title":{"rendered":"Le Booster Camp est de retour \u00e0 Rouen les 9 &#038; 10\u00a0septembre prochains"},"content":{"rendered":"<p melodystyle=\"texte\">R\u00e9seau Entreprendre Normandie Seine &amp; Eure organise les mardi 9 &amp; mercredi 10 septembre 2025, au Campus Saint-Marc II \u00e0 Rouen, la 2e \u00e9dition du Booster Camp. Cette nouvelle \u00e9dition de cette formule innovante bas\u00e9e sur un accompagnement de 48 h permettant ainsi \u00e0 10 cr\u00e9ateurs, repreneurs ou d\u00e9veloppeurs d\u2019entreprise de b\u00e9n\u00e9ficier gratuitement de l\u2019expertise de chefs d\u2019entreprises du territoire normand, membres et b\u00e9n\u00e9voles de l\u2019association. Durant ces deux jours, 120 chefs d\u2019entreprise, les boosteurs et animateurs, vont challenger 10 laur\u00e9ats, cr\u00e9ateurs, repreneurs ou d\u00e9veloppeurs d\u2019entreprise, les Boost\u00e9s. Ce sont ainsi pr\u00e8s de 2 500 heures de b\u00e9n\u00e9volats qui seront offertes. R\u00e9seau Entreprendre Normandie Seine &amp; Eure compte plus de 130 chefs d\u2019entreprise b\u00e9n\u00e9voles et a accompagn\u00e9, depuis sa cr\u00e9ation en 2004, 320 entrepreneurs et particip\u00e9 ainsi \u00e0 la cr\u00e9ation ou au maintien de plus de 2 600 emplois.<\/p>\n","protected":false},"excerpt":{"rendered":"R\u00e9seau Entreprendre Normandie Seine &amp; Eure organise les mardi 9 &amp; mercredi 10 septembre 2025, au Campus Saint-Marc&hellip;\n","protected":false},"author":2,"featured_media":360455,"comment_status":"","ping_status":"","sticky":false,"template":"","format":"standard","meta":{"footnotes":""},"categories":[9587],"tags":[1111,11,1777,674,1011,27,12,5161,25,9590],"class_list":{"0":"post-360454","1":"post","2":"type-post","3":"status-publish","4":"format-standard","5":"has-post-thumbnail","7":"category-rouen","8":"tag-actu","9":"tag-actualites","10":"tag-eu","11":"tag-europe","12":"tag-fr","13":"tag-france","14":"tag-news","15":"tag-normandie","16":"tag-republique-francaise","17":"tag-rouen"},"share_on_mastodon":{"url":"https:\/\/pubeurope.com\/@fr\/115134058018618787","error":""},"_links":{"self":[{"href":"https:\/\/www.europesays.com\/fr\/wp-json\/wp\/v2\/posts\/360454","targetHints":{"allow":["GET"]}}],"collection":[{"href":"https:\/\/www.europesays.com\/fr\/wp-json\/wp\/v2\/posts"}],"about":[{"href":"https:\/\/www.europesays.com\/fr\/wp-json\/wp\/v2\/types\/post"}],"author":[{"embeddable":true,"href":"https:\/\/www.europesays.com\/fr\/wp-json\/wp\/v2\/users\/2"}],"replies":[{"embeddable":true,"href":"https:\/\/www.europesays.com\/fr\/wp-json\/wp\/v2\/comments?post=360454"}],"version-history":[{"count":0,"href":"https:\/\/www.europesays.com\/fr\/wp-json\/wp\/v2\/posts\/360454\/revisions"}],"wp:featuredmedia":[{"embeddable":true,"href":"https:\/\/www.europesays.com\/fr\/wp-json\/wp\/v2\/media\/360455"}],"wp:attachment":[{"href":"https:\/\/www.europesays.com\/fr\/wp-json\/wp\/v2\/media?parent=360454"}],"wp:term":[{"taxonomy":"category","embeddable":true,"href":"https:\/\/www.europesays.com\/fr\/wp-json\/wp\/v2\/categories?post=360454"},{"taxonomy":"post_tag","embeddable":true,"href":"https:\/\/www.europesays.com\/fr\/wp-json\/wp\/v2\/tags?post=360454"}],"curies":[{"name":"wp","href":"https:\/\/api.w.org\/{rel}","templated":true}]}}