{"id":360456,"date":"2025-09-02T09:44:14","date_gmt":"2025-09-02T09:44:14","guid":{"rendered":"https:\/\/www.europesays.com\/fr\/360456\/"},"modified":"2025-09-02T09:44:14","modified_gmt":"2025-09-02T09:44:14","slug":"axyom-jcb-sinstalle-dans-des-locaux-flambant-neufs-sur-rouen","status":"publish","type":"post","link":"https:\/\/www.europesays.com\/fr\/360456\/","title":{"rendered":"Axyom (JCB) s&rsquo;installe dans des locaux flambant neufs sur Rouen"},"content":{"rendered":"<p>            <a href=\"https:\/\/tp-amenagements.fr\/wp-btp-2019\/wp-content\/uploads\/2025\/09\/axyom-1-scaled.jpg\" data-caption=\"\" rel=\"nofollow noopener\" target=\"_blank\"><img loading=\"lazy\" decoding=\"async\" width=\"696\" height=\"392\" class=\"entry-thumb td-modal-image\" src=\"https:\/\/www.europesays.com\/fr\/wp-content\/uploads\/2025\/09\/axyom-1-696x392.jpg\"   alt=\"\" title=\"axyom-1 JCB\"\/><\/a><\/p>\n<p>Axyom, concessionnaire JCB en Normandie et dans l\u2019Oise, prend possession d\u2019une toute nouvelle concession, construite et organis\u00e9e selon l\u2019esprit \u00ab\u00a0automobile\u00a0\u00bb, largement ouverte sur l\u2019ext\u00e9rieur et conviviale. Une inauguration qui prend toute son importance l\u2019ann\u00e9e o\u00f9 JCB f\u00eate ses 80 ans d\u2019existence.<\/p>\n<p>Les 25 et 26 septembre prochains, Axyom va faire son show avec une grosse force de frappe de mat\u00e9riels : une pelle lourde de production de 37 t, la JCB 370X, la derni\u00e8re sortie dans la gamme S\u00e9rie X version compacte, la JCB 145X. Plus classique chez JCB mais encore d\u2019actualit\u00e9, la chargeuse-pelleteuse JCB 3CX \u00e9quip\u00e9e du Dualdrive et les derni\u00e8res \u00e9volutions en mini-pelles de la marque avec les JCB 25Z, JCB 26C.<\/p>\n<p><img loading=\"lazy\" decoding=\"async\" width=\"1024\" height=\"681\" src=\"https:\/\/www.europesays.com\/fr\/wp-content\/uploads\/2025\/09\/axyom-oissel-3-1024x681.jpg\" alt=\"\" class=\"wp-image-52857 size-full\"  \/><\/p>\n<p>Cet \u00e9v\u00e9nement est une occasion magnifique pour inaugurer le nouveau si\u00e8ge social o\u00f9 Axyom est install\u00e9 depuis quelques mois. Ce nouveau site ultra-moderne, d\u2019une surface de 3 000 m2, a \u00e9t\u00e9 con\u00e7u pour apporter accessibilit\u00e9, confort, espace de travail, atelier, showroom\u2026 aux derni\u00e8res normes environnementales avec la r\u00e9cup\u00e9ration et le traitement des eaux de pluie ainsi que la production d\u2019\u00e9nergie solaire.<\/p>\n<p>Une longue relation<\/p>\n<p>Depuis 1957, Axyom (\u00e0 l\u2019\u00e9poque connue sous la d\u00e9nomination R\u00e9gis BTP) est le partenaire exclusif de la marque JCB sur la Normandie et l\u2019Oise. Axyom distribue les gammes JCB pour les travaux publics, l\u2019agriculture et l\u2019industrie et assure un service complet, de la vente \u00e0 la maintenance, des pi\u00e8ces et accessoires au financement.<\/p>\n<p><a data-no-instant=\"1\" href=\"https:\/\/ledigtour.tv\/\" rel=\"noopener nofollow\" class=\"a2t-link\" target=\"_blank\" aria-label=\"Dig Tour 2025\"><img loading=\"lazy\" decoding=\"async\" src=\"https:\/\/www.europesays.com\/fr\/wp-content\/uploads\/2025\/09\/BannieEre-Dig-Tour-2025-septembre-700-x-100-px.gif\" alt=\"Dig Tour 2025\" width=\"700\" height=\"100\"\/><\/a><\/p>\n<p><strong>\u00c0 propos de Axyom<\/strong><br \/>Cr\u00e9\u00e9e en 1957 (sous la d\u00e9nomination R\u00e9gis BTP), Axyom distribue les produits JCB sur les d\u00e9partements de la Seine-Maritime, l\u2019Eure, l\u2019Oise, le Calvados, l\u2019Orne et la Manche, avec 3 sites r\u00e9partis sur le territoire, l\u2019un \u00e0 Oissel-sur-Seine (76), l\u2019autre \u00e0 Ifs (14) et un dernier dans l\u2019Oise \u00e0 Beauvais (60). Axyom apporte son expertise et accompagne les professionnels des travaux publics, du b\u00e2timent, de l\u2019agriculture, du recyclage et de l\u2019Industrie depuis plus de 68 ans. Une \u00e9quipe de plus de 46 personnes assure le service et la proximit\u00e9 pour le SAV.<\/p>\n<p><strong>\u00c0 propos de JCB<\/strong><br \/>Troisi\u00e8me constructeur mondial en volume d\u2019engins de BTP, le groupe JCB commercialise des machines destin\u00e9es au BTP, \u00e0 l\u2019agriculture, \u00e0 l\u2019industrie et au recyclage. JCB est le num\u00e9ro 1 mondial en chariots t\u00e9lescopiques et en chargeuses-pelleteuses. Le groupe dispose de 22 usines r\u00e9parties \u00e0 travers le monde : 11 en Grande-Bretagne, 5 en Inde, les autres \u00e9tant situ\u00e9es aux USA et au Br\u00e9sil. Employant \u00e0 ce jour plus de 19 000 personnes dans le monde, le groupe a commercialis\u00e9, en 2023, plus de 123 000 machines dans le monde. www.jcb.fr<\/p>\n","protected":false},"excerpt":{"rendered":"Axyom, concessionnaire JCB en Normandie et dans l\u2019Oise, prend possession d\u2019une toute nouvelle concession, construite et organis\u00e9e selon&hellip;\n","protected":false},"author":2,"featured_media":360457,"comment_status":"","ping_status":"","sticky":false,"template":"","format":"standard","meta":{"footnotes":""},"categories":[9587],"tags":[1111,11,1777,674,1011,27,12,5161,25,9590],"class_list":{"0":"post-360456","1":"post","2":"type-post","3":"status-publish","4":"format-standard","5":"has-post-thumbnail","7":"category-rouen","8":"tag-actu","9":"tag-actualites","10":"tag-eu","11":"tag-europe","12":"tag-fr","13":"tag-france","14":"tag-news","15":"tag-normandie","16":"tag-republique-francaise","17":"tag-rouen"},"share_on_mastodon":{"url":"https:\/\/pubeurope.com\/@fr\/115134062314912067","error":""},"_links":{"self":[{"href":"https:\/\/www.europesays.com\/fr\/wp-json\/wp\/v2\/posts\/360456","targetHints":{"allow":["GET"]}}],"collection":[{"href":"https:\/\/www.europesays.com\/fr\/wp-json\/wp\/v2\/posts"}],"about":[{"href":"https:\/\/www.europesays.com\/fr\/wp-json\/wp\/v2\/types\/post"}],"author":[{"embeddable":true,"href":"https:\/\/www.europesays.com\/fr\/wp-json\/wp\/v2\/users\/2"}],"replies":[{"embeddable":true,"href":"https:\/\/www.europesays.com\/fr\/wp-json\/wp\/v2\/comments?post=360456"}],"version-history":[{"count":0,"href":"https:\/\/www.europesays.com\/fr\/wp-json\/wp\/v2\/posts\/360456\/revisions"}],"wp:featuredmedia":[{"embeddable":true,"href":"https:\/\/www.europesays.com\/fr\/wp-json\/wp\/v2\/media\/360457"}],"wp:attachment":[{"href":"https:\/\/www.europesays.com\/fr\/wp-json\/wp\/v2\/media?parent=360456"}],"wp:term":[{"taxonomy":"category","embeddable":true,"href":"https:\/\/www.europesays.com\/fr\/wp-json\/wp\/v2\/categories?post=360456"},{"taxonomy":"post_tag","embeddable":true,"href":"https:\/\/www.europesays.com\/fr\/wp-json\/wp\/v2\/tags?post=360456"}],"curies":[{"name":"wp","href":"https:\/\/api.w.org\/{rel}","templated":true}]}}