{"id":360467,"date":"2025-09-02T09:52:12","date_gmt":"2025-09-02T09:52:12","guid":{"rendered":"https:\/\/www.europesays.com\/fr\/360467\/"},"modified":"2025-09-02T09:52:12","modified_gmt":"2025-09-02T09:52:12","slug":"faux-commerces-fermes-expulsions-des-hlm-a-nice-les-nouvelles-mesures-du-prefet-hottiaux-pour-frapper-les-dealers","status":"publish","type":"post","link":"https:\/\/www.europesays.com\/fr\/360467\/","title":{"rendered":"Faux-commerces ferm\u00e9s, expulsions des HLM&#8230; \u00e0 Nice, les nouvelles mesures du pr\u00e9fet Hottiaux pour frapper les dealers"},"content":{"rendered":"<p><strong>C\u2019est une premi\u00e8re, bas\u00e9e sur la nouvelle loi contre le narcotrafic. Le pr\u00e9fet des Alpes-Maritimes, Laurent Hottiaux, vient de prononcer 17 arr\u00eat\u00e9s d\u2019interdiction de para\u00eetre visant des individus li\u00e9s aux trafics de drogue \u00e0 Nice, Cannes et Grasse. Il promet d\u2019appliquer prochainement plusieurs mesures choc.<\/strong><\/p>\n<p>Jusqu\u2019ici, la lutte contre les dealers et leurs complices d\u00e9pendait essentiellement des proc\u00e9dures judiciaires, souvent longues et complexes. D\u00e9sormais, gr\u00e2ce \u00e0 la loi port\u00e9e en son temps par G\u00e9rald Darmanin, le pr\u00e9fet peut agir de mani\u00e8re administrative, sans attendre une condamnation. Les vendeurs, guetteurs, rabatteurs ou approvisionneurs identifi\u00e9s seront interdits d\u2019acc\u00e8s aux lieux o\u00f9 ils \u00ab\u00a0op\u00e8rent\u00a0\u00bb : halls d\u2019immeubles, portions de rue, parties communes\u2026<\/p>\n<p>En cas de non-respect, la sanction est claire : jusqu\u2019\u00e0 six mois d\u2019emprisonnement et 3750 euros d\u2019amende. Reste \u00e0 voir avec quels moyens, les syndicats policiers estimant de longue date leurs <a href=\"https:\/\/nicepresse.com\/manque-deffectifs-police-nationale-au-bord-de-la-rupture-a-nice-ce-que-le-prefet-repond-aux-inquietudes-des-syndicats\/\" rel=\"nofollow noopener\" target=\"_blank\">effectifs insuffisants face \u00e0 la pieuvre du narcoterrorisme<\/a>.<\/p>\n<p>Un signal fort envoy\u00e9 aux trafiquants ?<\/p>\n<p>Ces 17 interdictions de para\u00eetre constituent une r\u00e9ponse concr\u00e8te \u00e0 la pression des habitants, exasp\u00e9r\u00e9s par la mainmise des trafiquants sur leur quotidien. \u00c0 Nice, Cannes et Grasse, <a href=\"https:\/\/nicepresse.com\/trafic-de-drogues-et-narcoterrorisme-quelle-vraie-progression-en-5-ans-dans-les-grandes-villes-du-departement-de-nice-voici-les-derniers-chiffres-de-la-police-et-de-la-gendarmerie\/\" rel=\"nofollow noopener\" target=\"_blank\">ces points de deal gangr\u00e8nent la vie des quartiers<\/a>, alimentant ins\u00e9curit\u00e9, violence et sentiment d\u2019abandon. L\u2019\u00c9tat reprend la main et montrerait ainsi qu\u2019aucun territoire n\u2019\u00e9chappe \u00e0 la loi. Une v\u00e9rit\u00e9 relative dans certains secteurs, o\u00f9 m\u00eame <a href=\"https:\/\/nicepresse.com\/nice-encercles-et-cibles-par-des-projectiles-les-policiers-doivent-degainer-leurs-lacrymos\/\" rel=\"nofollow noopener\" target=\"_blank\">la police doit parfois rebrousser chemin<\/a>.<\/p>\n<p>Le pr\u00e9fet a d\u2019ailleurs pr\u00e9venu : d\u2019autres arr\u00eat\u00e9s sont d\u00e9j\u00e0 en cours de pr\u00e9paration. La m\u00e9thode est claire : frapper vite, frapper fort, et multiplier les mesures pour dissuader les trafiquants de revenir.<\/p>\n<p>Mesures cibl\u00e9es<\/p>\n<p>Outre les interdictions de para\u00eetre, d\u2019autres outils de police administrative vont \u00eatre \u00ab\u00a0d\u00e9ploy\u00e9s prochainement dans le d\u00e9partement\u00a0\u00bb. <\/p>\n<p>Des <strong>expulsions locatives<\/strong> pour les familles h\u00e9bergeant des trafiquants (que le bailleur C\u00f4te d\u2019Azur Habitat applique d\u00e9j\u00e0 depuis 2021) ; des <strong>fermetures administratives de commerces<\/strong> \u00ab\u00a0servant de couverture\u00a0\u00bb, ainsi que le <strong>d\u00e9r\u00e9f\u00e9rencement en ligne<\/strong> pour couper les canaux num\u00e9riques de distribution. M\u00eame si le march\u00e9 se d\u00e9veloppe surtout sur le r\u00e9seau social Snapchat ou via des boucles Whatsapp et Telegram, bien souvent hors de port\u00e9e.<\/p>\n<p><a href=\"https:\/\/anneedelamer.nice.fr\/\" rel=\"nofollow noopener\" target=\"_blank\"><img loading=\"lazy\" decoding=\"async\" width=\"300\" height=\"300\" src=\"data:image\/svg+xml,%3Csvg%20xmlns=\" http:=\"\" alt=\"\" class=\"wp-image-235449\" data-lazy-src=\"https:\/\/www.europesays.com\/fr\/wp-content\/uploads\/2025\/04\/IMG_1416-2.png\"\/><\/a><\/p>\n","protected":false},"excerpt":{"rendered":"C\u2019est une premi\u00e8re, bas\u00e9e sur la nouvelle loi contre le narcotrafic. Le pr\u00e9fet des Alpes-Maritimes, Laurent Hottiaux, vient&hellip;\n","protected":false},"author":2,"featured_media":360468,"comment_status":"","ping_status":"","sticky":false,"template":"","format":"standard","meta":{"footnotes":""},"categories":[2819],"tags":[1111,11,1777,674,1011,27,12,2401,882,25],"class_list":{"0":"post-360467","1":"post","2":"type-post","3":"status-publish","4":"format-standard","5":"has-post-thumbnail","7":"category-nice","8":"tag-actu","9":"tag-actualites","10":"tag-eu","11":"tag-europe","12":"tag-fr","13":"tag-france","14":"tag-news","15":"tag-nice","16":"tag-provence-alpes-cote-dazur","17":"tag-republique-francaise"},"share_on_mastodon":{"url":"https:\/\/pubeurope.com\/@fr\/115134093383975888","error":""},"_links":{"self":[{"href":"https:\/\/www.europesays.com\/fr\/wp-json\/wp\/v2\/posts\/360467","targetHints":{"allow":["GET"]}}],"collection":[{"href":"https:\/\/www.europesays.com\/fr\/wp-json\/wp\/v2\/posts"}],"about":[{"href":"https:\/\/www.europesays.com\/fr\/wp-json\/wp\/v2\/types\/post"}],"author":[{"embeddable":true,"href":"https:\/\/www.europesays.com\/fr\/wp-json\/wp\/v2\/users\/2"}],"replies":[{"embeddable":true,"href":"https:\/\/www.europesays.com\/fr\/wp-json\/wp\/v2\/comments?post=360467"}],"version-history":[{"count":0,"href":"https:\/\/www.europesays.com\/fr\/wp-json\/wp\/v2\/posts\/360467\/revisions"}],"wp:featuredmedia":[{"embeddable":true,"href":"https:\/\/www.europesays.com\/fr\/wp-json\/wp\/v2\/media\/360468"}],"wp:attachment":[{"href":"https:\/\/www.europesays.com\/fr\/wp-json\/wp\/v2\/media?parent=360467"}],"wp:term":[{"taxonomy":"category","embeddable":true,"href":"https:\/\/www.europesays.com\/fr\/wp-json\/wp\/v2\/categories?post=360467"},{"taxonomy":"post_tag","embeddable":true,"href":"https:\/\/www.europesays.com\/fr\/wp-json\/wp\/v2\/tags?post=360467"}],"curies":[{"name":"wp","href":"https:\/\/api.w.org\/{rel}","templated":true}]}}