{"id":360471,"date":"2025-09-02T09:54:15","date_gmt":"2025-09-02T09:54:15","guid":{"rendered":"https:\/\/www.europesays.com\/fr\/360471\/"},"modified":"2025-09-02T09:54:15","modified_gmt":"2025-09-02T09:54:15","slug":"ce-quil-sest-passe-naurait-pas-du-se-passer-les-parents-de-ladolescente-poignardee-dans-un-lycee-a-nantes-veulent-agir-en-faveur-de-l","status":"publish","type":"post","link":"https:\/\/www.europesays.com\/fr\/360471\/","title":{"rendered":"\u00ab\u00a0Ce qu\u2019il s\u2019est pass\u00e9 n\u2019aurait pas d\u00fb se passer\u00a0\u00bb\u00a0: les parents de l\u2019adolescente poignard\u00e9e dans un lyc\u00e9e \u00e0 Nantes veulent agir en faveur de la sant\u00e9 mentale"},"content":{"rendered":"<p>En cr\u00e9ant une association qui fera \u00ab dialoguer toutes les g\u00e9n\u00e9rations \u00bb pour d\u00e9cider quels projets seront financ\u00e9s avec les plus de 80 000 euros collect\u00e9s, les parents de la jeune fille souhaitent aussi \u00ab rappeler aux politiques que la question de la sant\u00e9 mentale, c\u2019est prioritaire \u00bb, ont-ils d\u00e9clar\u00e9 sur France Inter, ce mardi, pr\u00e9f\u00e9rant ne pas donner leur nom.<\/p>\n<p>\u00ab Ce n\u2019est pas en les emp\u00eachant d\u2019agir que \u00e7a va fonctionner \u00bb<\/p>\n<p>Fin avril, la jeune fille avait \u00e9t\u00e9 mortellement poignard\u00e9e et trois autres lyc\u00e9ens bless\u00e9s par un \u00e9l\u00e8ve de 16 ans, hospitalis\u00e9 par la suite en psychiatrie.<\/p>\n<p>\u00ab Ce qu\u2019il s\u2019est pass\u00e9 n\u2019aurait pas d\u00fb se passer \u00bb, a affirm\u00e9 la m\u00e8re de Lor\u00e8ne.<\/p>\n<p>\u00ab Des personnes qui ont des probl\u00e8mes, qui ont une sant\u00e9 mentale fragile, qui ont des maladies psychiques, \u00e7a existe depuis que l\u2019humain est l\u2019humain (\u2026) On est quand m\u00eame en 2025, et la psychologie a d\u00e9velopp\u00e9 tellement d\u2019outils. Et l\u00e0, on ne serait pas capable de les mettre en \u0153uvre, on n\u2019est pas capable de faire de la pr\u00e9vention pour emp\u00eacher \u00e7a. C\u2019est quand m\u00eame assez inqui\u00e9tant \u00bb, a-t-elle poursuivi.<\/p>\n<p>Quelques heures apr\u00e8s l\u2019attaque mortelle, le Premier ministre Fran\u00e7ois Bayrou avait estim\u00e9 que l<a href=\"https:\/\/www.letelegramme.fr\/education\/attaque-de-nantes-installer-des-portiques-a-lentree-des-etablissements-scolaires-une-piste-pour-bayrou-6804906.php\" target=\"_blank\" rel=\"noopener\">\u2019installation de portiques \u00e0 l\u2019entr\u00e9e des \u00e9tablissements scolaires \u00e9tait \u00ab une piste \u00bb pour \u00e9viter de nouvelles attaques au couteau dans les \u00e9coles<\/a>.<\/p>\n<p>Interrog\u00e9 sur cette hypoth\u00e8se, le p\u00e8re de Lor\u00e8ne a estim\u00e9 qu\u2019on ne pouvait \u00ab pas construire une soci\u00e9t\u00e9 sur la suspicion envers les jeunes \u00bb.<\/p>\n<blockquote class=\"twitter-tweet\">\n<p lang=\"fr\" dir=\"ltr\">\u00ab\u00a0On ne peut pas construire une soci\u00e9t\u00e9 sur la suspicion envers les jeunes\u00a0\u00bb, t\u00e9moignent les parents de Lor\u00e8ne, adolescente tu\u00e9e en avril dans son lyc\u00e9e \u00e0 Nantes. \u00ab\u00a0La question, c&rsquo;est pourquoi ils ne trouvent pas quelqu&rsquo;un pour les aider avant d&rsquo;en arriver l\u00e0.\u00a0\u00bb <a href=\"https:\/\/twitter.com\/hashtag\/LaGrandeMatinale?src=hash&amp;ref_src=twsrc%5Etfw\" target=\"_blank\" rel=\"noopener\">#LaGrandeMatinale<\/a><a href=\"https:\/\/t.co\/u3OFjVCExc\">pic.twitter.com\/u3OFjVCExc<\/a><\/p>\n<p>\u2014 France Inter (@franceinter) <a href=\"https:\/\/twitter.com\/franceinter\/status\/1962761124178210920?ref_src=twsrc%5Etfw\" target=\"_blank\" rel=\"noopener\">September 2, 2025<\/a><\/p><\/blockquote>\n<p>\u00ab Ce n\u2019est pas en les emp\u00eachant d\u2019agir que \u00e7a va fonctionner. Ils pourront toujours agresser ailleurs s\u2019ils ont envie d\u2019agresser. La question, c\u2019est pourquoi ils ont envie d\u2019agresser ? La question, c\u2019est pourquoi ils n\u2019ont pas trouv\u00e9 avant quelqu\u2019un qui peut les aider avant qu\u2019ils en arrivent l\u00e0 ? \u00bb, a poursuivi la m\u00e8re de la jeune fille.<\/p>\n<p>Les deux parents ont par ailleurs affirm\u00e9 qu\u2019ils ne s\u2019exprimeraient \u00ab jamais sur <a href=\"https:\/\/www.letelegramme.fr\/faits-divers\/depressif-fan-de-hitler-qui-est-lauteur-presume-de-lattaque-au-couteau-dans-un-lycee-de-nantes-6804966.php\" target=\"_blank\" rel=\"noopener\">l\u2019agresseur \u00bb de leur fille<\/a>.<\/p>\n<p>Quelques jours apr\u00e8s les faits, le procureur de la R\u00e9publique avait indiqu\u00e9 qu&rsquo;\u00ab aucun mobile \u00bb ne pouvait \u00eatre \u00e9voqu\u00e9 de \u00ab fa\u00e7on certaine \u00bb.<\/p>\n<p><script async src=\"https:\/\/platform.twitter.com\/widgets.js\" charset=\"utf-8\"><\/script><\/p>\n","protected":false},"excerpt":{"rendered":"En cr\u00e9ant une association qui fera \u00ab dialoguer toutes les g\u00e9n\u00e9rations \u00bb pour d\u00e9cider quels projets seront financ\u00e9s&hellip;\n","protected":false},"author":2,"featured_media":360472,"comment_status":"","ping_status":"","sticky":false,"template":"","format":"standard","meta":{"footnotes":""},"categories":[2818],"tags":[1111,11,1777,674,1011,27,4555,3047,766,12,2636,25],"class_list":{"0":"post-360471","1":"post","2":"type-post","3":"status-publish","4":"format-standard","5":"has-post-thumbnail","7":"category-nantes","8":"tag-actu","9":"tag-actualites","10":"tag-eu","11":"tag-europe","12":"tag-fr","13":"tag-france","14":"tag-local","15":"tag-loire-atlantique","16":"tag-nantes","17":"tag-news","18":"tag-pays-de-la-loire","19":"tag-republique-francaise"},"share_on_mastodon":{"url":"https:\/\/pubeurope.com\/@fr\/115134101360004864","error":""},"_links":{"self":[{"href":"https:\/\/www.europesays.com\/fr\/wp-json\/wp\/v2\/posts\/360471","targetHints":{"allow":["GET"]}}],"collection":[{"href":"https:\/\/www.europesays.com\/fr\/wp-json\/wp\/v2\/posts"}],"about":[{"href":"https:\/\/www.europesays.com\/fr\/wp-json\/wp\/v2\/types\/post"}],"author":[{"embeddable":true,"href":"https:\/\/www.europesays.com\/fr\/wp-json\/wp\/v2\/users\/2"}],"replies":[{"embeddable":true,"href":"https:\/\/www.europesays.com\/fr\/wp-json\/wp\/v2\/comments?post=360471"}],"version-history":[{"count":0,"href":"https:\/\/www.europesays.com\/fr\/wp-json\/wp\/v2\/posts\/360471\/revisions"}],"wp:featuredmedia":[{"embeddable":true,"href":"https:\/\/www.europesays.com\/fr\/wp-json\/wp\/v2\/media\/360472"}],"wp:attachment":[{"href":"https:\/\/www.europesays.com\/fr\/wp-json\/wp\/v2\/media?parent=360471"}],"wp:term":[{"taxonomy":"category","embeddable":true,"href":"https:\/\/www.europesays.com\/fr\/wp-json\/wp\/v2\/categories?post=360471"},{"taxonomy":"post_tag","embeddable":true,"href":"https:\/\/www.europesays.com\/fr\/wp-json\/wp\/v2\/tags?post=360471"}],"curies":[{"name":"wp","href":"https:\/\/api.w.org\/{rel}","templated":true}]}}