{"id":360473,"date":"2025-09-02T09:55:12","date_gmt":"2025-09-02T09:55:12","guid":{"rendered":"https:\/\/www.europesays.com\/fr\/360473\/"},"modified":"2025-09-02T09:55:12","modified_gmt":"2025-09-02T09:55:12","slug":"que-faire-a-nantes-ce-week-end-du-4-au-7-septembre-2025-big-city-nantes","status":"publish","type":"post","link":"https:\/\/www.europesays.com\/fr\/360473\/","title":{"rendered":"Que faire \u00e0 Nantes ce week-end du 4 au 7 septembre 2025 ? \u2013 Big City Nantes"},"content":{"rendered":"<p>Oui, l\u2019\u00e9t\u00e9 est fini\u2026 mais pas question de se morfondre ! Ta dose de sorties, concerts et bons plans \u00e0 Nantes revient, pr\u00eate \u00e0 t\u2019accompagner ce week-end. Soleil ou pluie, on a tout ce qu\u2019il faut pour profiter \u00e0 fond de la Cit\u00e9 des ducs. Allez, respire, clique et viens kiffer la rentr\u00e9e \u00e0 notre fa\u00e7on avec notre s\u00e9lection <strong>\u201cQue faire \u00e0 Nantes ce week-end\u201d<\/strong>, parce qu\u2019on a tout pr\u00e9vu pour que ta rentr\u00e9e soit moins morose et beaucoup plus fun.. Allez, regarde \u00e7a \ud83d\ude09<\/p>\n<p>Que Faire \u00e0 Nantes ce week-end : le programme des sorties du jeudi 4 au dimanche 7 septembre 2025<\/p>\n<p><strong>Envie de profiter avant de replonger dans le train-train de la rentr\u00e9e ? Tu vas \u00eatre servi\u00b7e du 4 au 7 septembre 2025 !<\/strong> <\/p>\n<p>C\u00f4t\u00e9 musique et arts num\u00e9riques, le festival <strong><a href=\"https:\/\/www.bigcitynantes.fr\/que-faire-a-nantes\/scopitone-2025-le-festival-qui-mele-arts-numeriques-et-musiques-electroniques\/\" target=\"_blank\" rel=\"noopener\">Scopitone <\/a><\/strong>va secouer Nantes avec des sons innovants et des performances folles. Si t\u2019as faim de d\u00e9couvertes culinaires, direction le<strong><a href=\"https:\/\/www.bigcitynantes.fr\/que-faire-a-nantes\/le-festifood-des-petits-et-grands-au-magmaa-food-hall\/\" target=\"_blank\" rel=\"noopener\"> Festi\u2019Food<\/a> des petits et grands \u00e0 Magmaa<\/strong>, o\u00f9 food trucks, ateliers et gourmandises en tout genre te feront voyager sans bouger de Nantes.\u00a0 <\/p>\n<p><a href=\"https:\/\/www.bigcitynantes.fr\/contact\/\" title=\"Publicit\u00e9\" target=\"_blank\" rel=\"noopener\"><br \/>\n<img decoding=\"async\" alt=\"Publicit\u00e9\" src=\"https:\/\/www.europesays.com\/fr\/wp-content\/uploads\/2025\/09\/ADS.webp.webp\" \/><br \/>\n<\/a><\/p>\n<p>\nPublicit\u00e9\n<\/p>\n<\/p>\n<p>Pour les amateurs de sensations fortes, <strong><a href=\"https:\/\/www.bigcitynantes.fr\/que-faire-a-nantes\/ride-on-3-rassemblement-moto-a-saint-herblain\/\" target=\"_blank\" rel=\"noopener\">Ride On <\/a>chez Les Nantais<\/strong> transforme le Parc de la Carri\u00e8re en un terrain de jeu pour motos et voitures anciennes : admire, teste, prends des photos\u2026 ou juste kiffe l\u2019ambiance !<\/p>\n<p>Et pour finir sur une note artistique et un brin myst\u00e9rieuse, ne rate pas le <strong>vernissage <a href=\"https:\/\/www.bigcitynantes.fr\/que-faire-a-nantes\/exposition-cor-cordium-a-la-monstrueuse-galerie\/\" target=\"_blank\" rel=\"noopener\">Cor Cordium<\/a> \u00e0 la Monstrueuse Galerie<\/strong> : une expo qui va te surprendre et te captiver.<\/p>\n<p>Et \u00e7a, ce n\u2019est qu\u2019un avant-go\u00fbt\u2026 Descends un peu plus bas pour d\u00e9couvrir <strong>toute la s\u00e9lection de Big City Nantes<\/strong> et profite \u00e0 fond de la ville avant lundi ! \u2764\ufe0f<\/p>\n<p>S\u2019abonner au calendrier\t<\/p>\n","protected":false},"excerpt":{"rendered":"Oui, l\u2019\u00e9t\u00e9 est fini\u2026 mais pas question de se morfondre ! Ta dose de sorties, concerts et bons&hellip;\n","protected":false},"author":2,"featured_media":360474,"comment_status":"","ping_status":"","sticky":false,"template":"","format":"standard","meta":{"footnotes":""},"categories":[2818],"tags":[1111,11,4156,4157,1777,674,1011,27,766,12,2636,25,953,1669,3140,4064],"class_list":{"0":"post-360473","1":"post","2":"type-post","3":"status-publish","4":"format-standard","5":"has-post-thumbnail","7":"category-nantes","8":"tag-actu","9":"tag-actualites","10":"tag-concerts","11":"tag-dj-sets","12":"tag-eu","13":"tag-europe","14":"tag-fr","15":"tag-france","16":"tag-nantes","17":"tag-news","18":"tag-pays-de-la-loire","19":"tag-republique-francaise","20":"tag-soiree","21":"tag-sorties","22":"tag-spectacle","23":"tag-week-end"},"share_on_mastodon":{"url":"https:\/\/pubeurope.com\/@fr\/115134105580613802","error":""},"_links":{"self":[{"href":"https:\/\/www.europesays.com\/fr\/wp-json\/wp\/v2\/posts\/360473","targetHints":{"allow":["GET"]}}],"collection":[{"href":"https:\/\/www.europesays.com\/fr\/wp-json\/wp\/v2\/posts"}],"about":[{"href":"https:\/\/www.europesays.com\/fr\/wp-json\/wp\/v2\/types\/post"}],"author":[{"embeddable":true,"href":"https:\/\/www.europesays.com\/fr\/wp-json\/wp\/v2\/users\/2"}],"replies":[{"embeddable":true,"href":"https:\/\/www.europesays.com\/fr\/wp-json\/wp\/v2\/comments?post=360473"}],"version-history":[{"count":0,"href":"https:\/\/www.europesays.com\/fr\/wp-json\/wp\/v2\/posts\/360473\/revisions"}],"wp:featuredmedia":[{"embeddable":true,"href":"https:\/\/www.europesays.com\/fr\/wp-json\/wp\/v2\/media\/360474"}],"wp:attachment":[{"href":"https:\/\/www.europesays.com\/fr\/wp-json\/wp\/v2\/media?parent=360473"}],"wp:term":[{"taxonomy":"category","embeddable":true,"href":"https:\/\/www.europesays.com\/fr\/wp-json\/wp\/v2\/categories?post=360473"},{"taxonomy":"post_tag","embeddable":true,"href":"https:\/\/www.europesays.com\/fr\/wp-json\/wp\/v2\/tags?post=360473"}],"curies":[{"name":"wp","href":"https:\/\/api.w.org\/{rel}","templated":true}]}}