{"id":360479,"date":"2025-09-02T09:58:12","date_gmt":"2025-09-02T09:58:12","guid":{"rendered":"https:\/\/www.europesays.com\/fr\/360479\/"},"modified":"2025-09-02T09:58:12","modified_gmt":"2025-09-02T09:58:12","slug":"comment-cette-commune-pres-de-toulouse-compte-t-elle-faire-face","status":"publish","type":"post","link":"https:\/\/www.europesays.com\/fr\/360479\/","title":{"rendered":"comment cette commune pr\u00e8s de Toulouse compte-t-elle faire face\u00a0?"},"content":{"rendered":"<p>            Par<br \/>\n        <strong><br \/>\n            <a href=\"https:\/\/actu.fr\/auteur\/riaute-mariane\" title=\"Consulter tous les articles de Mariane RIAUTE\" target=\"_blank\" rel=\"noopener\">Mariane RIAUTE<\/a><br \/>\n        <\/strong><\/p>\n<p>        Publi\u00e9 le<\/p>\n<p>            2 sept. 2025 \u00e0 8h19        <\/p>\n<p><b>Il n\u2019y a plus de place dans les cimeti\u00e8res<\/b>. Une extension va donc \u00eatre construite pour le cimeti\u00e8re du Haut, dans la commune de <a href=\"https:\/\/actu.fr\/occitanie\/castanet-tolosan_31113\" target=\"_blank\" rel=\"noopener\">Castanet-Tolosan<\/a>. Une d\u00e9cision vot\u00e9e \u00e0 l\u2019unanimit\u00e9 lors du conseil municipal du mardi 24\u00a0juin 2025 et qui permettra d\u2019accueillir de nouvelles tombes et urnes fun\u00e9raires. En effet,<b> ce cimeti\u00e8re, de plus en plus satur\u00e9<\/b>, ne permet plus de r\u00e9pondre au nombre de demandes d\u2019inhumation de cette ville de Haute-Garonne. Si la fin des travaux est annonc\u00e9e pour 2026, cette solution reste temporaire. Combien d\u2019ann\u00e9es cette extension permettra-t-elle de tenir encore\u2009?<\/p>\n<p>Un cimeti\u00e8re en saturation<\/p>\n<p class=\" wall-content\">Le cimeti\u00e8re du Haut va s\u2019agrandir, en r\u00e9ponse \u00e0 un besoin d\u2019emplacements suppl\u00e9mentaires. Lors du conseil municipal, le maire de Castanet-Tolosan, Xavier Normand, mentionne d\u2019ailleurs ce projet comme \u00e9tant dans les tuyaux depuis quelque temps\u2009: \u00ab\u2009Les cimeti\u00e8res se remplissent. \u00c7a devient <b>une obligation importante<\/b> de r\u00e9aliser cet agrandissement [\u2026] pour l\u2019accueil et la dignit\u00e9 de tous.\u2009\u00bb<\/p>\n<p>    <a href=\"https:\/\/maps.google.com\/maps?q=43.518818112311614,1.4926844695587338&amp;z=15&amp;output=embed\" title=\"Ouvrie le lien\" target=\"_blank\" rel=\"noopener\">Cliquez ici pour visualiser le contenu<\/a><\/p>\n<p>Concessions en pleine terre, caveaux, columbarium et cavurnes<\/p>\n<p class=\" wall-content\">Cette extension, qui sera op\u00e9rationnelle en 2026, va pouvoir accueillir\u2009:<\/p>\n<ul class=\" wall-content\">\n<li>82 concessions en pleine terre ou en caveaux\u2009;<\/li>\n<li>trois emplacements columbarium (\u00e9difices qui portent les urnes fun\u00e9raires, de 12 cases chacun soit 36 places en tout)\u2009;<\/li>\n<li>75 m\u00b2 d\u2019emplacement de cavurnes (urnes sous la terre), soit le m\u00eame nombre de places.<\/li>\n<\/ul>\n<p>Pour combien de temps\u2009?<\/p>\n<p class=\" wall-content\">Jordan Puissant, conseiller municipal de l\u2019opposition s\u2019est exprim\u00e9 lors de la d\u00e9lib\u00e9ration\u2009: \u00ab<b>\u2009Combien de temps est-ce que \u00e7a suffira \u00e0 compenser la demande<\/b>\u2009? Car je ne vois pas de nouvelle possibilit\u00e9 d\u2019extension apr\u00e8s cela.\u2009\u00bb<\/p>\n<p>Votre r\u00e9gion, votre actu !<\/p>\n<p>Recevez chaque jour les infos qui comptent pour vous.<\/p>\n<p>\t<a href=\"https:\/\/actu.fr\/newsletter\" class=\"ac-btn ac-btn--corner ac-btn--medium ac-btn--blue800\" target=\"_blank\" rel=\"noopener\">S&rsquo;incrire<\/a><\/p>\n<p class=\" wall-content\">Question \u00e0 laquelle Xavier Normand a r\u00e9pondu\u2009: \u00ab\u2009\u00c7a se fait en parall\u00e8le de<b> tout un travail de rationalisation des concessions <\/b>sur les cimeti\u00e8res existants [\u2026] pour <b>retrouver un peu de capacit\u00e9<\/b>.\u2009\u00bb<\/p>\n<p>Un nouveau cimeti\u00e8re \u00e0 venir\u2009?<\/p>\n<p class=\" wall-content\">Le maire poursuit\u2009: \u00ab\u2009On est au courant qu\u2019il y aura un besoin futur et dans l\u2019\u00e9tude du PLU (Plan local d\u2019urbanisme, NDLR), on a cherch\u00e9 un emplacement \u00e0 r\u00e9server pour faire <b>un nouveau cimeti\u00e8re sur les coteaux<\/b>. Mais l\u2019emplacement choisi n\u2019a pas pu \u00eatre r\u00e9serv\u00e9, la pr\u00e9fecture s\u2019y \u00e9tant oppos\u00e9e car des esp\u00e8ces prot\u00e9g\u00e9es sont pr\u00e9sentes sur ce terrain agricole.\u2009\u00bb<\/p>\n<p class=\" wall-content\">Cependant, la Ville affirme poursuivre ses recherches et garder le sujet \u00e0 l\u2019ordre du jour, tandis que ces travaux, d\u2019un co\u00fbt estim\u00e9 \u00e0 480\u2009000\u00a0\u20ac, \u00ab\u2009donnent quand m\u00eame un peu d\u2019air, pour cinq \u00e0 dix ans\u2009\u00bb, conclut Xavier Normand.<\/p>\n<p class=\" wall-content\">Personnalisez votre actualit\u00e9 en ajoutant vos villes et m\u00e9dias en favori avec <a href=\"https:\/\/moncompte.actu.fr\" title=\"D\u00e9couvez Mon Actu\" rel=\"nofollow noopener\" data-trk=\"{&quot;cta&quot;:{&quot;action&quot;:&quot;https:\\\/\\\/moncompte.actu.fr&quot;,&quot;category&quot;:&quot;mon compte&quot;,&quot;from&quot;:&quot;article footer&quot;,&quot;name&quot;:&quot;Mon actu&quot;,&quot;type&quot;:&quot;cta&quot;}}\" target=\"_blank\">Mon Actu<\/a>.<\/p>\n","protected":false},"excerpt":{"rendered":"Par Mariane RIAUTE Publi\u00e9 le 2 sept. 2025 \u00e0 8h19 Il n\u2019y a plus de place dans les&hellip;\n","protected":false},"author":2,"featured_media":360480,"comment_status":"","ping_status":"","sticky":false,"template":"","format":"standard","meta":{"footnotes":""},"categories":[2816],"tags":[1111,11,1777,674,1011,27,12,2680,25,104,2312,2086],"class_list":{"0":"post-360479","1":"post","2":"type-post","3":"status-publish","4":"format-standard","5":"has-post-thumbnail","7":"category-toulouse","8":"tag-actu","9":"tag-actualites","10":"tag-eu","11":"tag-europe","12":"tag-fr","13":"tag-france","14":"tag-news","15":"tag-occitanie","16":"tag-republique-francaise","17":"tag-societe","18":"tag-toulouse","19":"tag-travaux"},"share_on_mastodon":{"url":"https:\/\/pubeurope.com\/@fr\/115134116904187846","error":""},"_links":{"self":[{"href":"https:\/\/www.europesays.com\/fr\/wp-json\/wp\/v2\/posts\/360479","targetHints":{"allow":["GET"]}}],"collection":[{"href":"https:\/\/www.europesays.com\/fr\/wp-json\/wp\/v2\/posts"}],"about":[{"href":"https:\/\/www.europesays.com\/fr\/wp-json\/wp\/v2\/types\/post"}],"author":[{"embeddable":true,"href":"https:\/\/www.europesays.com\/fr\/wp-json\/wp\/v2\/users\/2"}],"replies":[{"embeddable":true,"href":"https:\/\/www.europesays.com\/fr\/wp-json\/wp\/v2\/comments?post=360479"}],"version-history":[{"count":0,"href":"https:\/\/www.europesays.com\/fr\/wp-json\/wp\/v2\/posts\/360479\/revisions"}],"wp:featuredmedia":[{"embeddable":true,"href":"https:\/\/www.europesays.com\/fr\/wp-json\/wp\/v2\/media\/360480"}],"wp:attachment":[{"href":"https:\/\/www.europesays.com\/fr\/wp-json\/wp\/v2\/media?parent=360479"}],"wp:term":[{"taxonomy":"category","embeddable":true,"href":"https:\/\/www.europesays.com\/fr\/wp-json\/wp\/v2\/categories?post=360479"},{"taxonomy":"post_tag","embeddable":true,"href":"https:\/\/www.europesays.com\/fr\/wp-json\/wp\/v2\/tags?post=360479"}],"curies":[{"name":"wp","href":"https:\/\/api.w.org\/{rel}","templated":true}]}}