{"id":360483,"date":"2025-09-02T10:00:09","date_gmt":"2025-09-02T10:00:09","guid":{"rendered":"https:\/\/www.europesays.com\/fr\/360483\/"},"modified":"2025-09-02T10:00:09","modified_gmt":"2025-09-02T10:00:09","slug":"seclin-pourquoi-le-leclerc-a-t-il-ete-vise-par-un-rassemblement-de-militants-samedi","status":"publish","type":"post","link":"https:\/\/www.europesays.com\/fr\/360483\/","title":{"rendered":"Seclin. Pourquoi le Leclerc a-t-il \u00e9t\u00e9 vis\u00e9 par un rassemblement de militants samedi\u00a0?"},"content":{"rendered":"<p>            Par<br \/>\n        <strong><br \/>\n            <a href=\"https:\/\/actu.fr\/auteur\/margot-nicodeme\" title=\"Consulter tous les articles de Margot Nicod\u00e8me\" target=\"_blank\" rel=\"noopener\">Margot Nicod\u00e8me<\/a><br \/>\n        <\/strong><\/p>\n<p>        Publi\u00e9 le<\/p>\n<p>            2 sept. 2025 \u00e0 11h46        <\/p>\n<p>C\u2019est le type d\u2019actions que multiplient<b> les associations de protection animale,<\/b> non seulement pour \u00eatre vues du plus grand nombre, mais aussi pour pointer du doigt un magasin en particulier. Les militants se postent d\u00e9sormais<b> r\u00e9guli\u00e8rement devant des supermarch\u00e9s<\/b>, pour d\u00e9noncer \u00ab\u00a0des pratiques\u00a0\u00bb de grandes enseignes, qui selon eux contribuent \u00e0 la souffrance animale. Une manifestation de ce type s\u2019est tenue devant <b>le <a href=\"https:\/\/actu.fr\/tag\/leclerc\" target=\"_blank\" rel=\"noopener\">Leclerc<\/a> de <a href=\"https:\/\/actu.fr\/hauts-de-france\/seclin_59560\" target=\"_blank\" rel=\"noopener\">Seclin<\/a><\/b>, dans la m\u00e9tropole de <a href=\"https:\/\/actu.fr\/hauts-de-france\/lille_59350\" target=\"_blank\" rel=\"noopener\">Lille<\/a> (Nord), le samedi 30 ao\u00fbt.\u00a0<\/p>\n<p>Photos d\u2019animaux brandies et tracts distribu\u00e9s : le Leclerc de Seclin vis\u00e9 par une action militante<\/p>\n<p class=\" wall-content\">C\u2019est l\u2019association<b> PAZ<\/b> qui a organis\u00e9 ce rassemblement au milieu de la matin\u00e9e, pour demander express\u00e9ment \u00e0 l\u2019enseigne de retirer de la vente un produit jug\u00e9 cruel. Il s\u2019agit des <b>pi\u00e8ges \u00e0 colle<\/b>, qui visent \u00e0 exterminer les rongeurs. Leclerc \u00ab\u00a0ne s\u2019est toujours pas engag\u00e9 contrairement \u00e0 Carrefour, Jardiland, Gamm vert, Intermarch\u00e9\u2026\u00a0\u00bb, regrette PAZ.<\/p>\n<p class=\" wall-content\">D\u00e8s 10h30 samedi, les membres de l\u2019association ont sensibilis\u00e9 les clients du Leclerc de Seclin, en brandissant \u00ab\u00a0des photos d\u2019animaux coll\u00e9s dans les pi\u00e8ges \u00e0 colle\u00a0\u00bb et en distribuant des tracts. Il est reproch\u00e9 \u00e0 ces dispositifs de laisser les rongeurs \u00ab\u00a0agoniser des heures voire des jours englu\u00e9s sur la plaque\u00a0\u00bb.\u00a0<\/p>\n<p class=\" wall-content\">PAZ pr\u00e9cise que leurs actions ont d\u00e9j\u00e0 fait bouger les lignes : certains Leclerc n\u2019ont pas \u00ab\u00a0attendu d\u2019avoir une directive nationale pour retirer de leurs rayons les pi\u00e8ges \u00e0 colle\u00a0\u00bb, et les militants citent en exemples, sur notre territoire, les <a href=\"https:\/\/actu.fr\/hauts-de-france\/carvin_62215\/polemique-une-manifestation-prevue-devant-lhypermarche-leclerc-de-carvin-ce-samedi_62895055.html\" target=\"_blank\" rel=\"noopener\">Leclerc de Loison-sous-Lens<\/a> et de Carvin, dans le Pas-de-Calais.<\/p>\n<p class=\" wall-content\">Personnalisez votre actualit\u00e9 en ajoutant vos villes et m\u00e9dias en favori avec <a href=\"https:\/\/moncompte.actu.fr\" title=\"D\u00e9couvez Mon Actu\" rel=\"nofollow noopener\" data-trk=\"{&quot;cta&quot;:{&quot;action&quot;:&quot;https:\\\/\\\/moncompte.actu.fr&quot;,&quot;category&quot;:&quot;mon compte&quot;,&quot;from&quot;:&quot;article footer&quot;,&quot;name&quot;:&quot;Mon actu&quot;,&quot;type&quot;:&quot;cta&quot;}}\" target=\"_blank\">Mon Actu<\/a>.<\/p>\n","protected":false},"excerpt":{"rendered":"Par Margot Nicod\u00e8me Publi\u00e9 le 2 sept. 2025 \u00e0 11h46 C\u2019est le type d\u2019actions que multiplient les associations&hellip;\n","protected":false},"author":2,"featured_media":360484,"comment_status":"","ping_status":"","sticky":false,"template":"","format":"standard","meta":{"footnotes":""},"categories":[2815],"tags":[1111,11,1777,674,1011,27,811,7755,1307,6795,12,25,104],"class_list":{"0":"post-360483","1":"post","2":"type-post","3":"status-publish","4":"format-standard","5":"has-post-thumbnail","7":"category-lille","8":"tag-actu","9":"tag-actualites","10":"tag-eu","11":"tag-europe","12":"tag-fr","13":"tag-france","14":"tag-hauts-de-france","15":"tag-leclerc","16":"tag-lille","17":"tag-maltraitance-animale","18":"tag-news","19":"tag-republique-francaise","20":"tag-societe"},"share_on_mastodon":{"url":"https:\/\/pubeurope.com\/@fr\/115134124932073481","error":""},"_links":{"self":[{"href":"https:\/\/www.europesays.com\/fr\/wp-json\/wp\/v2\/posts\/360483","targetHints":{"allow":["GET"]}}],"collection":[{"href":"https:\/\/www.europesays.com\/fr\/wp-json\/wp\/v2\/posts"}],"about":[{"href":"https:\/\/www.europesays.com\/fr\/wp-json\/wp\/v2\/types\/post"}],"author":[{"embeddable":true,"href":"https:\/\/www.europesays.com\/fr\/wp-json\/wp\/v2\/users\/2"}],"replies":[{"embeddable":true,"href":"https:\/\/www.europesays.com\/fr\/wp-json\/wp\/v2\/comments?post=360483"}],"version-history":[{"count":0,"href":"https:\/\/www.europesays.com\/fr\/wp-json\/wp\/v2\/posts\/360483\/revisions"}],"wp:featuredmedia":[{"embeddable":true,"href":"https:\/\/www.europesays.com\/fr\/wp-json\/wp\/v2\/media\/360484"}],"wp:attachment":[{"href":"https:\/\/www.europesays.com\/fr\/wp-json\/wp\/v2\/media?parent=360483"}],"wp:term":[{"taxonomy":"category","embeddable":true,"href":"https:\/\/www.europesays.com\/fr\/wp-json\/wp\/v2\/categories?post=360483"},{"taxonomy":"post_tag","embeddable":true,"href":"https:\/\/www.europesays.com\/fr\/wp-json\/wp\/v2\/tags?post=360483"}],"curies":[{"name":"wp","href":"https:\/\/api.w.org\/{rel}","templated":true}]}}