{"id":360492,"date":"2025-09-02T10:05:16","date_gmt":"2025-09-02T10:05:16","guid":{"rendered":"https:\/\/www.europesays.com\/fr\/360492\/"},"modified":"2025-09-02T10:05:16","modified_gmt":"2025-09-02T10:05:16","slug":"quel-talent-%c2%b7-rcf-lyon","status":"publish","type":"post","link":"https:\/\/www.europesays.com\/fr\/360492\/","title":{"rendered":"Quel talent ! \u00b7 RCF Lyon"},"content":{"rendered":"<p class=\"mb-4\"> RCF est cr\u00e9\u00e9e en 1982, \u00e0 l&rsquo;initiative de l&rsquo;archev\u00eaque de Lyon, Monseigneur Decourtray, et du P\u00e8re Emmanuel Payen. D\u00e8s l&rsquo;origine, RCF porte l&rsquo;ambition de <strong>diffuser un message d&rsquo;esp\u00e9rance<\/strong> et de proposer au plus grand nombre <strong>une lecture chr\u00e9tienne de la soci\u00e9t\u00e9 et de l&rsquo;actualit\u00e9<\/strong>. <\/p>\n<p class=\"mb-4\"> Forte de 600.000 auditeurs chaque jour, RCF compte d\u00e9sormais 64 radios locales et 270 fr\u00e9quences en France et en Belgique. Ces 64 radios associatives reconnues d&rsquo;int\u00e9r\u00eat g\u00e9n\u00e9ral vivent essentiellement des dons de leurs auditeurs. <\/p>\n<p> Information, culture, spiritualit\u00e9, vie quotidienne : RCF propose un programme grand public, g\u00e9n\u00e9raliste, de proximit\u00e9.Le r\u00e9seau RCF compte 300 salari\u00e9s et 3.000 b\u00e9n\u00e9voles. <\/p>\n","protected":false},"excerpt":{"rendered":"RCF est cr\u00e9\u00e9e en 1982, \u00e0 l&rsquo;initiative de l&rsquo;archev\u00eaque de Lyon, Monseigneur Decourtray, et du P\u00e8re Emmanuel Payen.&hellip;\n","protected":false},"author":2,"featured_media":360493,"comment_status":"","ping_status":"","sticky":false,"template":"","format":"standard","meta":{"footnotes":""},"categories":[1889],"tags":[1111,11,2430,1777,674,1011,27,2428,12,25],"class_list":{"0":"post-360492","1":"post","2":"type-post","3":"status-publish","4":"format-standard","5":"has-post-thumbnail","7":"category-lyon","8":"tag-actu","9":"tag-actualites","10":"tag-auvergne-rhone-alpes","11":"tag-eu","12":"tag-europe","13":"tag-fr","14":"tag-france","15":"tag-lyon","16":"tag-news","17":"tag-republique-francaise"},"share_on_mastodon":{"url":"https:\/\/pubeurope.com\/@fr\/115134144366155484","error":""},"_links":{"self":[{"href":"https:\/\/www.europesays.com\/fr\/wp-json\/wp\/v2\/posts\/360492","targetHints":{"allow":["GET"]}}],"collection":[{"href":"https:\/\/www.europesays.com\/fr\/wp-json\/wp\/v2\/posts"}],"about":[{"href":"https:\/\/www.europesays.com\/fr\/wp-json\/wp\/v2\/types\/post"}],"author":[{"embeddable":true,"href":"https:\/\/www.europesays.com\/fr\/wp-json\/wp\/v2\/users\/2"}],"replies":[{"embeddable":true,"href":"https:\/\/www.europesays.com\/fr\/wp-json\/wp\/v2\/comments?post=360492"}],"version-history":[{"count":0,"href":"https:\/\/www.europesays.com\/fr\/wp-json\/wp\/v2\/posts\/360492\/revisions"}],"wp:featuredmedia":[{"embeddable":true,"href":"https:\/\/www.europesays.com\/fr\/wp-json\/wp\/v2\/media\/360493"}],"wp:attachment":[{"href":"https:\/\/www.europesays.com\/fr\/wp-json\/wp\/v2\/media?parent=360492"}],"wp:term":[{"taxonomy":"category","embeddable":true,"href":"https:\/\/www.europesays.com\/fr\/wp-json\/wp\/v2\/categories?post=360492"},{"taxonomy":"post_tag","embeddable":true,"href":"https:\/\/www.europesays.com\/fr\/wp-json\/wp\/v2\/tags?post=360492"}],"curies":[{"name":"wp","href":"https:\/\/api.w.org\/{rel}","templated":true}]}}