{"id":360507,"date":"2025-09-02T10:14:10","date_gmt":"2025-09-02T10:14:10","guid":{"rendered":"https:\/\/www.europesays.com\/fr\/360507\/"},"modified":"2025-09-02T10:14:10","modified_gmt":"2025-09-02T10:14:10","slug":"le-mexique-ouvert-a-un-accord-de-securite-avec-les-etats-unis-mais-sans-subordination","status":"publish","type":"post","link":"https:\/\/www.europesays.com\/fr\/360507\/","title":{"rendered":"Le Mexique ouvert \u00e0 un accord de s\u00e9curit\u00e9 avec les \u00c9tats-Unis, mais \u00ab sans subordination \u00bb"},"content":{"rendered":"<p>AA \/ Ankara \/ Busra Nur Cakmak<\/p>\n<p>La pr\u00e9sidente mexicaine Claudia Sheinbaum a exprim\u00e9 sa volont\u00e9 de conclure un accord de s\u00e9curit\u00e9 avec les \u00c9tats-Unis pour lutter contre les cartels de la drogue et l&rsquo;immigration clandestine, mais a soulign\u00e9 que cet accord devait \u00eatre fond\u00e9 sur le respect mutuel et \u00ab sans subordination \u00bb.<\/p>\n<p>Lors de son premier discours sur l\u2019\u00e9tat de la nation lundi, la pr\u00e9sidente Sheinbaum a r\u00e9agi aux r\u00e9centes informations selon lesquelles le pr\u00e9sident am\u00e9ricain Donald Trump aurait secr\u00e8tement demand\u00e9 au Pentagone d\u2019envisager des frappes militaires contre les cartels \u00e0 l\u2019int\u00e9rieur du Mexique \u2014 une initiative qui a suscit\u00e9 une vague d\u2019indignation \u00e0 l\u2019\u00e9chelle nationale, selon Axios.<\/p>\n<p>\u00ab Cette conception repose sur le partage des responsabilit\u00e9s, la confiance mutuelle, le respect de la souverainet\u00e9 et de la territorialit\u00e9, ainsi que sur une coop\u00e9ration sans subordination \u00bb, a d\u00e9clar\u00e9 Sheinbaum devant les parlementaires. <\/p>\n<p>Elle a soulign\u00e9 que le Mexique restait ouvert aux accords de s\u00e9curit\u00e9 et aux n\u00e9gociations commerciales, tout en indiquant que les deux pays \u00e9taient sur le point de finaliser un nouveau cadre. Le secr\u00e9taire d&rsquo;\u00c9tat am\u00e9ricain Marco Rubio doit se rendre au Mexique dans le courant de la semaine.<\/p>\n<p>Cet avertissement intervient alors que Trump menace d&rsquo;imposer de nouveaux droits de douane pour faire pression sur le Mexique afin qu&rsquo;il prenne des mesures plus \u00e9nergiques contre le crime organis\u00e9 et l&rsquo;immigration.<\/p>\n<p>En ao\u00fbt, le Mexique a extrad\u00e9 26 trafiquants pr\u00e9sum\u00e9s vers les \u00c9tats-Unis, dont certains li\u00e9s au puissant cartel de Sinaloa.<\/p>\n<p>Toutefois, de nombreux Mexicains consid\u00e8rent la perspective d&rsquo;une intervention militaire am\u00e9ricaine sur leur sol comme une violation de leur souverainet\u00e9, se souvenant de l&rsquo;invasion de 1846 qui a co\u00fbt\u00e9 au Mexique la moiti\u00e9 de son territoire.<\/p>\n<p>Sheinbaum est confront\u00e9e \u00e0 la t\u00e2che d\u00e9licate de dissuader les droits de douane tout en s\u2019opposant \u00e0 Trump, qui demeure impopulaire au Mexique en raison de ses discours et de ses politiques.<\/p>\n<p>*Traduit de l&rsquo;anglais par Ben Amed Azize Zougmore<\/p>\n<p>                            &#13;<br \/>\n                                <a href=\"https:\/\/www.aa.com.tr\/fr\/p\/abonnement\/1001\" target=\"_blank\" style=\"font-size:12px; color:#444; text-decoration:none;\" rel=\"nofollow noopener\">&#13;<br \/>\n                                    Seulement une partie des d\u00e9p\u00eaches, que l&rsquo;Agence Anadolu diffuse \u00e0 ses abonn\u00e9s via le Syst\u00e8me de Diffusion interne (HAS), est diffus\u00e9e sur le site de l&rsquo;AA, de mani\u00e8re r\u00e9sum\u00e9e. <b style=\"color:#1897F7\">Contactez-nous s&rsquo;il vous pla\u00eet pour vous abonner.<\/b>&#13;<br \/>\n                                <\/a>&#13;<\/p>\n","protected":false},"excerpt":{"rendered":"AA \/ Ankara \/ Busra Nur Cakmak La pr\u00e9sidente mexicaine Claudia Sheinbaum a exprim\u00e9 sa volont\u00e9 de conclure&hellip;\n","protected":false},"author":2,"featured_media":360508,"comment_status":"","ping_status":"","sticky":false,"template":"","format":"standard","meta":{"footnotes":""},"categories":[1589],"tags":[4295,11,1785,73,1866,5697,12,1864,1865,1863,308],"class_list":{"0":"post-360507","1":"post","2":"type-post","3":"status-publish","4":"format-standard","5":"has-post-thumbnail","7":"category-etats-unis","8":"tag-tats-unis","9":"tag-actualites","10":"tag-anadolu-ajansi","11":"tag-etats-unis","12":"tag-etats-unis-damerique","13":"tag-mexique","14":"tag-news","15":"tag-united-states","16":"tag-united-states-of-america","17":"tag-us","18":"tag-usa"},"share_on_mastodon":{"url":"https:\/\/pubeurope.com\/@fr\/115134179822573865","error":""},"_links":{"self":[{"href":"https:\/\/www.europesays.com\/fr\/wp-json\/wp\/v2\/posts\/360507","targetHints":{"allow":["GET"]}}],"collection":[{"href":"https:\/\/www.europesays.com\/fr\/wp-json\/wp\/v2\/posts"}],"about":[{"href":"https:\/\/www.europesays.com\/fr\/wp-json\/wp\/v2\/types\/post"}],"author":[{"embeddable":true,"href":"https:\/\/www.europesays.com\/fr\/wp-json\/wp\/v2\/users\/2"}],"replies":[{"embeddable":true,"href":"https:\/\/www.europesays.com\/fr\/wp-json\/wp\/v2\/comments?post=360507"}],"version-history":[{"count":0,"href":"https:\/\/www.europesays.com\/fr\/wp-json\/wp\/v2\/posts\/360507\/revisions"}],"wp:featuredmedia":[{"embeddable":true,"href":"https:\/\/www.europesays.com\/fr\/wp-json\/wp\/v2\/media\/360508"}],"wp:attachment":[{"href":"https:\/\/www.europesays.com\/fr\/wp-json\/wp\/v2\/media?parent=360507"}],"wp:term":[{"taxonomy":"category","embeddable":true,"href":"https:\/\/www.europesays.com\/fr\/wp-json\/wp\/v2\/categories?post=360507"},{"taxonomy":"post_tag","embeddable":true,"href":"https:\/\/www.europesays.com\/fr\/wp-json\/wp\/v2\/tags?post=360507"}],"curies":[{"name":"wp","href":"https:\/\/api.w.org\/{rel}","templated":true}]}}