{"id":360526,"date":"2025-09-02T10:24:10","date_gmt":"2025-09-02T10:24:10","guid":{"rendered":"https:\/\/www.europesays.com\/fr\/360526\/"},"modified":"2025-09-02T10:24:10","modified_gmt":"2025-09-02T10:24:10","slug":"pro-d2-beziers-deux-mois-apres-son-arrivee-le-nouveau-directeur-general-est-deja-parti","status":"publish","type":"post","link":"https:\/\/www.europesays.com\/fr\/360526\/","title":{"rendered":"Pro D2 &#8211; B\u00e9ziers : Deux mois apr\u00e8s son arriv\u00e9e, le nouveau directeur g\u00e9n\u00e9ral est d\u00e9j\u00e0 parti !"},"content":{"rendered":"<p class=\"date\">\n                                                            Aur\u00e9lien Canot, Media365, publi\u00e9 le mardi 02 septembre 2025 \u00e0 10h56\n                                                    <\/p>\n<p>Nomm\u00e9 directeur g\u00e9n\u00e9ral du club de B\u00e9ziers (Pro D2) d\u00e9but juillet, Christophe Chollet aurait d\u00e9j\u00e0 \u00e9t\u00e9 \u00e9cart\u00e9, \u00e0 en croire le Midi Libre. Le d\u00e9sormais ex-manager de l&rsquo;ASBH avait \u00e9t\u00e9 enr\u00f4l\u00e9 pour \u00e9pauler l&rsquo;Anglais Rory Teague.<\/p>\n<p>Si le championnat de Pro D2 a d\u00e9j\u00e0 repris ses droits, la semaine derni\u00e8re avec une lourde d\u00e9faite (55-36) pour les Biterrois sur la pelouse de Biarritz en ouverture de la saison, du c\u00f4t\u00e9 de B\u00e9ziers, il est toujours davantage question d&rsquo;extra-sportif que de sportif. Un nouveau et \u00e9ni\u00e8me \u00e9pisode vient m\u00eame de venir s&rsquo;ajouter \u00e0 l&rsquo;interminable feuilleton qui anime l&rsquo;ASBH depuis la reprise. Ce dernier opus en date a d&rsquo;ailleurs tout de symptomatique des nombreux rebondissements venus secouer B\u00e9ziers ces derni\u00e8res semaines. Deux mois apr\u00e8s avoir pos\u00e9 ses valises dans l&rsquo;H\u00e9rault, le nouveau directeur g\u00e9n\u00e9ral du club ne l&rsquo;est ainsi d\u00e9j\u00e0 plus. Midi Libre nous apprend ainsi que Christophe Chollet, puisque c&rsquo;est de lui qu&rsquo;il s&rsquo;agit, nomm\u00e9 le 7 juillet dernier, aurait \u00e9t\u00e9 \u00e9cart\u00e9 au lendemain de ce d\u00e9placement \u00e0 Biarritz. A l&rsquo;origine, le d\u00e9sormais ex-manager de l&rsquo;ASBH avait \u00e9t\u00e9 enr\u00f4l\u00e9 pour \u00e9pauler au sommet de la pyramide l&rsquo;Anglais Rory Teague, lui-m\u00eame nomm\u00e9 par les nouveaux propri\u00e9taires du club &#8211; le fonds d&rsquo;investissement irlandais Strangford Capital, qui avait rachet\u00e9 B\u00e9ziers en novembre 2024 &#8211; apr\u00e8s que le N\u00e9o-Z\u00e9landais Andrew Mehrtens et le Sud-Africain Bobby Skinstad, les deux anciennes l\u00e9gendes du rugby mondial et nouveaux co-pr\u00e9sidents, ont d\u00e9cid\u00e9 de se s\u00e9parer de Pierre Caillet, pourtant manager de l&rsquo;ASBH depuis 2021.<\/p>\n<p><strong>Chollet avait pourtant \u00e9t\u00e9 pr\u00e9sent\u00e9 comme un \u00ab\u00a0acteur incontournable\u00a0\u00bb&#8230;<\/strong><\/p>\n<p>A l&rsquo;\u00e9poque, la nouvelle direction semblait faire pleinement confiance \u00e0 Chollet, alors pr\u00e9sent\u00e9 comme un \u00ab\u00a0acteur incontournable pour accompagner le club dans ses ambitions, structuration et d\u00e9veloppement futur\u00a0\u00bb et \u00e0 qui il avait \u00e9t\u00e9 souhait\u00e9 \u00ab\u00a0pleine r\u00e9ussite dans ses nouvelles fonctions, avec la conviction qu&rsquo;il saura poursuivre le d\u00e9veloppement de l&rsquo;ASBH avec rigueur, passion et fid\u00e9lit\u00e9 aux couleurs rouge et bleu.\u00a0\u00bb De l&rsquo;eau a visiblement coul\u00e9 sous les ponts depuis. Et les ambitions de ce nouveau B\u00e9ziers de retrouver l&rsquo;\u00e9lite dans les cinq ans ont peut-\u00eatre d\u00e9j\u00e0 pris du plomb dans l&rsquo;aile.<\/p>\n","protected":false},"excerpt":{"rendered":"Aur\u00e9lien Canot, Media365, publi\u00e9 le mardi 02 septembre 2025 \u00e0 10h56 Nomm\u00e9 directeur g\u00e9n\u00e9ral du club de B\u00e9ziers&hellip;\n","protected":false},"author":2,"featured_media":360527,"comment_status":"","ping_status":"","sticky":false,"template":"","format":"standard","meta":{"footnotes":""},"categories":[1416],"tags":[1011,27,479,1468,60],"class_list":{"0":"post-360526","1":"post","2":"type-post","3":"status-publish","4":"format-standard","5":"has-post-thumbnail","7":"category-rugby","8":"tag-fr","9":"tag-france","10":"tag-rugby","11":"tag-rugby-football","12":"tag-sports"},"share_on_mastodon":{"url":"https:\/\/pubeurope.com\/@fr\/115134219149713449","error":""},"_links":{"self":[{"href":"https:\/\/www.europesays.com\/fr\/wp-json\/wp\/v2\/posts\/360526","targetHints":{"allow":["GET"]}}],"collection":[{"href":"https:\/\/www.europesays.com\/fr\/wp-json\/wp\/v2\/posts"}],"about":[{"href":"https:\/\/www.europesays.com\/fr\/wp-json\/wp\/v2\/types\/post"}],"author":[{"embeddable":true,"href":"https:\/\/www.europesays.com\/fr\/wp-json\/wp\/v2\/users\/2"}],"replies":[{"embeddable":true,"href":"https:\/\/www.europesays.com\/fr\/wp-json\/wp\/v2\/comments?post=360526"}],"version-history":[{"count":0,"href":"https:\/\/www.europesays.com\/fr\/wp-json\/wp\/v2\/posts\/360526\/revisions"}],"wp:featuredmedia":[{"embeddable":true,"href":"https:\/\/www.europesays.com\/fr\/wp-json\/wp\/v2\/media\/360527"}],"wp:attachment":[{"href":"https:\/\/www.europesays.com\/fr\/wp-json\/wp\/v2\/media?parent=360526"}],"wp:term":[{"taxonomy":"category","embeddable":true,"href":"https:\/\/www.europesays.com\/fr\/wp-json\/wp\/v2\/categories?post=360526"},{"taxonomy":"post_tag","embeddable":true,"href":"https:\/\/www.europesays.com\/fr\/wp-json\/wp\/v2\/tags?post=360526"}],"curies":[{"name":"wp","href":"https:\/\/api.w.org\/{rel}","templated":true}]}}