{"id":360530,"date":"2025-09-02T10:27:11","date_gmt":"2025-09-02T10:27:11","guid":{"rendered":"https:\/\/www.europesays.com\/fr\/360530\/"},"modified":"2025-09-02T10:27:11","modified_gmt":"2025-09-02T10:27:11","slug":"bezzecchi-enchaine-les-podiums-et-menace-bagnaia-au-championnat","status":"publish","type":"post","link":"https:\/\/www.europesays.com\/fr\/360530\/","title":{"rendered":"Bezzecchi encha\u00eene les podiums et menace Bagnaia au championnat\u2028"},"content":{"rendered":"<p>\u00c0 l\u2019occasion du Grand Prix de Hongrie, Bezzecchi a sign\u00e9 un cinqui\u00e8me podium cons\u00e9cutif. Parti avec d\u00e9termination, il a men\u00e9 la course durant plusieurs tours avant de c\u00e9der face aux deux leaders du moment. Sa troisi\u00e8me place confirme une r\u00e9gularit\u00e9 remarquable.<\/p>\n<p><b>Bagnaia en difficult\u00e9<\/b><\/p>\n<p>Pendant que Bezzecchi brille, Francesco Bagnaia peine \u00e0 retrouver son rythme. Neuvi\u00e8me en Hongrie, il voit son avance fondre au classement g\u00e9n\u00e9ral. L\u2019\u00e9cart n\u2019est plus que de 31 points, un seuil qui peut basculer en un seul week-end.<\/p>\n<blockquote>\n<p>\u201cApr\u00e8s chaque week-end de course, on rentre chez soi et on observe la situation. Mais pour l\u2019instant, ce n\u2019est pas mon objectif principal. Bien s\u00fbr, si je peux atteindre la troisi\u00e8me place, c\u2019est s\u00fbr que ce sera mieux. Mais ce sur quoi je me concentre, c\u2019est de continuer dans cette voie, d\u2019essayer d\u2019am\u00e9liorer la moto et de construire une base solide pour la saison prochaine. Ce sont mes principales cibles.\u201d Exprime Marco Bezzecchi, source : <a href=\"http:\/\/paddock-gp.com\" target=\"_blank\" rel=\"noopener\">paddock-gp.com<\/a>\u00a0<\/p>\n<\/blockquote>\n<p>Avec 36 points repris sur les trois derni\u00e8res courses, Bezzecchi est devenu un pr\u00e9tendant s\u00e9rieux \u00e0 la troisi\u00e8me marche du championnat. Plus qu\u2019un objectif comptable, cette progression illustre son statut grandissant au sein du plateau.<\/p>\n<p>\u00c0 l\u2019approche du sprint final, la lutte entre Bezzecchi et Bagnaia s\u2019annonce intense. R\u00e9gulier, incisif et confiant, Bezzecchi incarne l\u2019homme en forme qui pourrait bien priver son compatriote d\u2019un podium au classement final.<\/p>\n<p>    Partagez cette info avec vos amis et vos proches en cliquant ici  <\/p>\n<p> Podcasts \u00e0 la une MEN LIFE <\/p>\n<p>    MotoGP : Bezzecchi r\u00e9duit l\u2019\u00e9cart et met Bagnaia sous pression<\/p>\n<p>Avec un cinqui\u00e8me podium cons\u00e9cutif, Marco Bezzecchi, pilote Aprilia poursuit sa mont\u00e9e en puissance. D\u00e9sormais revenu \u00e0 31 points de Francesco Bagnaia, il s\u2019impose comme un s\u00e9rieux candidat \u00e0 la troisi\u00e8me place du championnat MotoGP.<\/p>\n<p>R\u00e9dacteur<\/p>\n<p><img decoding=\"async\" width=\"76\" height=\"76\" loading=\"lazy\" src=\"https:\/\/www.europesays.com\/fr\/wp-content\/uploads\/2025\/04\/avatar-sport-am.png\" alt=\"Victor Teyssier\"\/><\/p>\n","protected":false},"excerpt":{"rendered":"\u00c0 l\u2019occasion du Grand Prix de Hongrie, Bezzecchi a sign\u00e9 un cinqui\u00e8me podium cons\u00e9cutif. Parti avec d\u00e9termination, il&hellip;\n","protected":false},"author":2,"featured_media":360531,"comment_status":"","ping_status":"","sticky":false,"template":"","format":"standard","meta":{"footnotes":""},"categories":[1413],"tags":[1011,27,1457,1456,60],"class_list":{"0":"post-360530","1":"post","2":"type-post","3":"status-publish","4":"format-standard","5":"has-post-thumbnail","7":"category-moto","8":"tag-fr","9":"tag-france","10":"tag-moto","11":"tag-motocycle","12":"tag-sports"},"share_on_mastodon":{"url":"https:\/\/pubeurope.com\/@fr\/115134230933559397","error":""},"_links":{"self":[{"href":"https:\/\/www.europesays.com\/fr\/wp-json\/wp\/v2\/posts\/360530","targetHints":{"allow":["GET"]}}],"collection":[{"href":"https:\/\/www.europesays.com\/fr\/wp-json\/wp\/v2\/posts"}],"about":[{"href":"https:\/\/www.europesays.com\/fr\/wp-json\/wp\/v2\/types\/post"}],"author":[{"embeddable":true,"href":"https:\/\/www.europesays.com\/fr\/wp-json\/wp\/v2\/users\/2"}],"replies":[{"embeddable":true,"href":"https:\/\/www.europesays.com\/fr\/wp-json\/wp\/v2\/comments?post=360530"}],"version-history":[{"count":0,"href":"https:\/\/www.europesays.com\/fr\/wp-json\/wp\/v2\/posts\/360530\/revisions"}],"wp:featuredmedia":[{"embeddable":true,"href":"https:\/\/www.europesays.com\/fr\/wp-json\/wp\/v2\/media\/360531"}],"wp:attachment":[{"href":"https:\/\/www.europesays.com\/fr\/wp-json\/wp\/v2\/media?parent=360530"}],"wp:term":[{"taxonomy":"category","embeddable":true,"href":"https:\/\/www.europesays.com\/fr\/wp-json\/wp\/v2\/categories?post=360530"},{"taxonomy":"post_tag","embeddable":true,"href":"https:\/\/www.europesays.com\/fr\/wp-json\/wp\/v2\/tags?post=360530"}],"curies":[{"name":"wp","href":"https:\/\/api.w.org\/{rel}","templated":true}]}}