{"id":360534,"date":"2025-09-02T10:29:10","date_gmt":"2025-09-02T10:29:10","guid":{"rendered":"https:\/\/www.europesays.com\/fr\/360534\/"},"modified":"2025-09-02T10:29:10","modified_gmt":"2025-09-02T10:29:10","slug":"seixas-le-futur-du-cyclisme-francais","status":"publish","type":"post","link":"https:\/\/www.europesays.com\/fr\/360534\/","title":{"rendered":"Seixas, \u00ab\u00a0le futur du cyclisme fran\u00e7ais\u00a0\u00bb"},"content":{"rendered":"<p class=\"date\">\n                                                            Paul Rouget, Media365 : publi\u00e9 le mardi 02 septembre 2025 \u00e0 11h10\n                                                    <\/p>\n<p>Premier vainqueur fran\u00e7ais du Tour de l&rsquo;Avenir depuis David Gaudu en 2016, Paul Seixas a eu droit aux f\u00e9licitations de ce dernier, ravi d&rsquo;avoir enfin un successeur.<\/p>\n<p>Paul Seixas continue \u00e0 remplir son palmar\u00e8s. Apr\u00e8s avoir d\u00e9croch\u00e9 l&rsquo;an dernier, chez les juniors, les titres de champion de France du contre-la-montre et de cyclo-cross mais aussi celui de champion du monde, <a href=\"https:\/\/sports.orange.fr\/cyclisme\/article\/tour-de-l-avenir-seixas-heureux-de-l-emporter-meme-a-90-exclu-CNT000002kpaks.html\" rel=\"nofollow noopener\" target=\"_blank\">il vient de triompher sur le Tour de l&rsquo;Avenir<\/a>, dont il est devenu, \u00e0 18 ans et 11 mois, le plus jeune vainqueur de l&rsquo;histoire.<\/p>\n<p>Le prodige lyonnais est aussi le premier Fran\u00e7ais \u00e0 s&rsquo;adjuger la course par \u00e9tapes r\u00e9serv\u00e9e au moins de 23 ans, et m\u00eame \u00e0 monter sur le podium, depuis David Gaudu en 2016. Ce dernier, qui s&rsquo;est mis en \u00e9vidence sur la Vuelta, <a href=\"https:\/\/sports.orange.fr\/cyclisme\/tour-d-espagne\/article\/vuelta-gaudu-n-a-pas-dit-son-dernier-mot-exclu-CNT000002krnFC.html\" rel=\"nofollow noopener\" target=\"_blank\">dont il a port\u00e9 le maillot rouge de leader<\/a>, s&rsquo;en r\u00e9jouit, et n&rsquo;a pas manqu\u00e9 de f\u00e9liciter son cadet ainsi que Maxime Decomble, en jaune avant la derni\u00e8re \u00e9tape du Tour de l&rsquo;Avenir et qui termine finalement \u00e0 la cinqui\u00e8me place du g\u00e9n\u00e9ral.<\/p>\n<p>\u00ab\u00a0Il a d\u00e9j\u00e0 montr\u00e9 sur le Dauphin\u00e9 qu&rsquo;il avait le talent\u00a0\u00bb<\/p>\n<p>\u00ab\u00a0Je suis content d&rsquo;avoir un successeur, et qu&rsquo;une \u00e9quipe de France nous ait succ\u00e9d\u00e9 au Tour de l&rsquo;Avenir, a comment\u00e9 Gaudu, rapporte Cyclism&rsquo;Actu. J&rsquo;en parlais avec Nans Peters, qui \u00e9tait avec moi en 2016. Paul, je ne l&rsquo;ai pas encore c\u00f4toy\u00e9 chez les pros, mais il semble avoir la t\u00eate sur les \u00e9paules et beaucoup d&rsquo;envie. Il a d\u00e9j\u00e0 montr\u00e9 sur le Dauphin\u00e9 qu&rsquo;il avait le talent. On a une belle g\u00e9n\u00e9ration : il ne faut pas oublier non plus Maxime Decomble, qui marche tr\u00e8s fort et qui sera s\u00fbrement un tr\u00e8s bon coureur d&rsquo;avenir. Paul et Maxime incarnent vraiment le futur du cyclisme fran\u00e7ais pour les courses par \u00e9tapes en montagne.\u00a0\u00bb<\/p>\n<p>Un beau compliment pour les jeunes tricolores et en particulier pour Seixas, qui va tenter de confirmer sa belle forme sur le Tour de Lombardie, pour son premier Monument. Avant d&rsquo;\u00eatre appel\u00e9 par Thomas Voeckler pour le contre-la-montre des championnats du monde, chez les \u00ab\u00a0grands\u00a0\u00bb\u00a0?<\/p>\n","protected":false},"excerpt":{"rendered":"Paul Rouget, Media365 : publi\u00e9 le mardi 02 septembre 2025 \u00e0 11h10 Premier vainqueur fran\u00e7ais du Tour de&hellip;\n","protected":false},"author":2,"featured_media":360535,"comment_status":"","ping_status":"","sticky":false,"template":"","format":"standard","meta":{"footnotes":""},"categories":[1411],"tags":[1154,207,1011,27,60],"class_list":{"0":"post-360534","1":"post","2":"type-post","3":"status-publish","4":"format-standard","5":"has-post-thumbnail","7":"category-cyclisme","8":"tag-cycling","9":"tag-cyclisme","10":"tag-fr","11":"tag-france","12":"tag-sports"},"share_on_mastodon":{"url":"https:\/\/pubeurope.com\/@fr\/115134238938115127","error":""},"_links":{"self":[{"href":"https:\/\/www.europesays.com\/fr\/wp-json\/wp\/v2\/posts\/360534","targetHints":{"allow":["GET"]}}],"collection":[{"href":"https:\/\/www.europesays.com\/fr\/wp-json\/wp\/v2\/posts"}],"about":[{"href":"https:\/\/www.europesays.com\/fr\/wp-json\/wp\/v2\/types\/post"}],"author":[{"embeddable":true,"href":"https:\/\/www.europesays.com\/fr\/wp-json\/wp\/v2\/users\/2"}],"replies":[{"embeddable":true,"href":"https:\/\/www.europesays.com\/fr\/wp-json\/wp\/v2\/comments?post=360534"}],"version-history":[{"count":0,"href":"https:\/\/www.europesays.com\/fr\/wp-json\/wp\/v2\/posts\/360534\/revisions"}],"wp:featuredmedia":[{"embeddable":true,"href":"https:\/\/www.europesays.com\/fr\/wp-json\/wp\/v2\/media\/360535"}],"wp:attachment":[{"href":"https:\/\/www.europesays.com\/fr\/wp-json\/wp\/v2\/media?parent=360534"}],"wp:term":[{"taxonomy":"category","embeddable":true,"href":"https:\/\/www.europesays.com\/fr\/wp-json\/wp\/v2\/categories?post=360534"},{"taxonomy":"post_tag","embeddable":true,"href":"https:\/\/www.europesays.com\/fr\/wp-json\/wp\/v2\/tags?post=360534"}],"curies":[{"name":"wp","href":"https:\/\/api.w.org\/{rel}","templated":true}]}}