{"id":360542,"date":"2025-09-02T10:33:16","date_gmt":"2025-09-02T10:33:16","guid":{"rendered":"https:\/\/www.europesays.com\/fr\/360542\/"},"modified":"2025-09-02T10:33:16","modified_gmt":"2025-09-02T10:33:16","slug":"lauteur-prolifique-alain-saintot-termine-son-dix-septieme-livre-en-huit-ans","status":"publish","type":"post","link":"https:\/\/www.europesays.com\/fr\/360542\/","title":{"rendered":"l\u2019auteur prolifique Alain Saintot termine son dix-septi\u00e8me livre en huit ans"},"content":{"rendered":"<p>L\u2019\u00e9criture est devenue une activit\u00e9 addictive pour Alain Saintot qui depuis huit ans s\u2019\u00e9vade un crayon entre les doigts. L\u2019\u00e9crivain r\u00e9sidant \u00e0 Plombi\u00e8res-les-Bains vient de livrer son seizi\u00e8me roman. Pr\u00e9sent\u00e9 comme un Da Vinci code vosgien, Chemin de Croix est un thriller haletant entre \u00e9sot\u00e9risme, histoire et suspense qui m\u00e8nera le lecteur au c\u0153ur de la Lorraine, de la mythique colline de Sion aux for\u00eats vosgiennes.<\/p>\n<p>Auteur prolifique, <a href=\"https:\/\/www.vosgesmatin.fr\/culture-loisirs\/2022\/09\/19\/l-ecrivain-vosgien-alain-saintot-a-la-rencontre-des-lecteurs\" target=\"_blank\" rel=\"noopener\">Alain Saintot<\/a> livre l\u00e0 son deuxi\u00e8me ouvrage de l\u2019ann\u00e9e et travaille d\u00e9j\u00e0 au prochain dont la sortie ne tardera pas. \u00ab J\u2019ai toujours en t\u00eate trois livres d\u2019avance. Je lis&#8230;<\/p>\n","protected":false},"excerpt":{"rendered":"L\u2019\u00e9criture est devenue une activit\u00e9 addictive pour Alain Saintot qui depuis huit ans s\u2019\u00e9vade un crayon entre les&hellip;\n","protected":false},"author":2,"featured_media":360543,"comment_status":"","ping_status":"","sticky":false,"template":"","format":"standard","meta":{"footnotes":""},"categories":[1357],"tags":[1379,22455,1687,58,1798,59,107,1011,27,1380,2410,49607,774],"class_list":{"0":"post-360542","1":"post","2":"type-post","3":"status-publish","4":"format-standard","5":"has-post-thumbnail","7":"category-livres","8":"tag-books","9":"tag-cc-de-la-porte-des-vosges-meridionales-88a","10":"tag-culture-loisirs","11":"tag-divertissement","12":"tag-edition-remiremont-gerardmer","13":"tag-entertainment","14":"tag-fil-info","15":"tag-fr","16":"tag-france","17":"tag-livres","18":"tag-livres-bd","19":"tag-plombieres-les-bains","20":"tag-vosges"},"share_on_mastodon":{"url":"https:\/\/pubeurope.com\/@fr\/115134254648029049","error":""},"_links":{"self":[{"href":"https:\/\/www.europesays.com\/fr\/wp-json\/wp\/v2\/posts\/360542","targetHints":{"allow":["GET"]}}],"collection":[{"href":"https:\/\/www.europesays.com\/fr\/wp-json\/wp\/v2\/posts"}],"about":[{"href":"https:\/\/www.europesays.com\/fr\/wp-json\/wp\/v2\/types\/post"}],"author":[{"embeddable":true,"href":"https:\/\/www.europesays.com\/fr\/wp-json\/wp\/v2\/users\/2"}],"replies":[{"embeddable":true,"href":"https:\/\/www.europesays.com\/fr\/wp-json\/wp\/v2\/comments?post=360542"}],"version-history":[{"count":0,"href":"https:\/\/www.europesays.com\/fr\/wp-json\/wp\/v2\/posts\/360542\/revisions"}],"wp:featuredmedia":[{"embeddable":true,"href":"https:\/\/www.europesays.com\/fr\/wp-json\/wp\/v2\/media\/360543"}],"wp:attachment":[{"href":"https:\/\/www.europesays.com\/fr\/wp-json\/wp\/v2\/media?parent=360542"}],"wp:term":[{"taxonomy":"category","embeddable":true,"href":"https:\/\/www.europesays.com\/fr\/wp-json\/wp\/v2\/categories?post=360542"},{"taxonomy":"post_tag","embeddable":true,"href":"https:\/\/www.europesays.com\/fr\/wp-json\/wp\/v2\/tags?post=360542"}],"curies":[{"name":"wp","href":"https:\/\/api.w.org\/{rel}","templated":true}]}}