{"id":360544,"date":"2025-09-02T10:34:11","date_gmt":"2025-09-02T10:34:11","guid":{"rendered":"https:\/\/www.europesays.com\/fr\/360544\/"},"modified":"2025-09-02T10:34:11","modified_gmt":"2025-09-02T10:34:11","slug":"cyril-hanouna-a-t-il-tenu-ses-promesses","status":"publish","type":"post","link":"https:\/\/www.europesays.com\/fr\/360544\/","title":{"rendered":"Cyril Hanouna a-t-il tenu ses promesses\u00a0?"},"content":{"rendered":"<p>Hier soir, <a href=\"https:\/\/www.20minutes.fr\/arts-stars\/television\/cyril_hanouna\/\" class=\"c-link c-link--is-underlined\" rel=\"nofollow noopener\" target=\"_blank\">Cyril Hanouna<\/a> signait son grand retour \u00e0 la t\u00e9l\u00e9vision. Ce lundi 1er\u00a0septembre, l\u2019animateur-producteur a inaugur\u00e9 \u00ab\u00a0<a href=\"https:\/\/www.20minutes.fr\/arts-stars\/television\/4170517-20250901-direct-tout-beau-tout-n9uf-hanouna-fait-grand-debut-w9\" class=\"c-link c-link--is-underlined\" rel=\"nofollow noopener\" target=\"_blank\">Tout beau, tout n9uf<\/a>\u00a0\u00bb, sa nouvelle quotidienne en direct sur <a href=\"https:\/\/www.20minutes.fr\/dossier\/w9\" class=\"c-link c-link--is-underlined\" rel=\"nofollow noopener\" target=\"_blank\">W9<\/a>. Et le pari de la cha\u00eene semble avoir trouv\u00e9 son public\u00a0: entre 1,3 et 1,5\u00a0million de t\u00e9l\u00e9spectateurs ont suivi la derni\u00e8re heure du programme, de 20h15 \u00e0 21h15, selon les premi\u00e8res estimations.<\/p>\n<p>Pr\u00e9sent\u00e9e comme une \u00e9mission de pur divertissement, avec des garde-fous fix\u00e9s par le groupe<a href=\"https:\/\/www.20minutes.fr\/dossier\/m6\" class=\"c-link c-link--is-underlined\" rel=\"nofollow noopener\" target=\"_blank\"> M6<\/a> pour \u00e9viter les exc\u00e8s qui avaient marqu\u00e9 \u00ab\u00a0<a href=\"https:\/\/www.20minutes.fr\/arts-stars\/television\/tpmp\/\" class=\"c-link c-link--is-underlined\" rel=\"nofollow noopener\" target=\"_blank\">TPMP\u00a0<\/a>\u00bb, cette premi\u00e8re s\u2019\u00e9tirant sur trois heures a pourtant eu un parfum de d\u00e9j\u00e0-vu. D\u00e9cor familier, bande de chroniqueurs quasi inchang\u00e9e, d\u00e9bats politiques impr\u00e9vus\u00a0: la nouveaut\u00e9 promise par Hanouna s\u2019est vite dilu\u00e9e.<\/p>\n<p>Une arriv\u00e9e en grande pompe<\/p>\n<p>Hanouna n\u2019a pas l\u00e9sin\u00e9 sur la mise en sc\u00e8ne pour cette premi\u00e8re. L\u2019animateur a fait son entr\u00e9e par les airs, pour d\u00e9filer sur un tapis rouge install\u00e9 \u00e0 l\u2019ext\u00e9rieur du studio, sous les applaudissements d\u2019un public chauff\u00e9 \u00e0 blanc. Tapis rouge, feux d\u2019artifice et d\u00e9fil\u00e9 d\u2019une vingtaine de chroniqueurs pr\u00e9sent\u00e9s, parmi lesquels Val\u00e9rie B\u00e9na\u00efm, <a href=\"https:\/\/www.20minutes.fr\/politique\/marlene-schiappa\/\" class=\"c-link c-link--is-underlined\" rel=\"nofollow noopener\" target=\"_blank\">Marl\u00e8ne Schiappa<\/a>, <a href=\"https:\/\/www.20minutes.fr\/arts-stars\/television\/4137799-20250208-danse-stars-nelson-montfort-decroche-pire-note-histoire-show-tf1\" class=\"c-link c-link--is-underlined\" rel=\"nofollow noopener\" target=\"_blank\">Nelson Monfort<\/a> ou encore Polska, ont donn\u00e9 le ton. \u00ab\u00a0Les ch\u00e9ris, merci d\u2019\u00eatre avec nous\u00a0!\u00a0\u00bb, a lanc\u00e9 Hanouna, fid\u00e8le \u00e0 son style.<\/p>\n<p>\u00c0 peine install\u00e9 sur son plateau flambant n9uf, l\u2019animateur a re\u00e7u une pluie d\u2019appels t\u00e9l\u00e9phoniques de personnalit\u00e9s venues saluer son retour\u00a0: <a href=\"https:\/\/www.20minutes.fr\/dossier\/jean-pierre_foucault\" class=\"c-link c-link--is-underlined\" rel=\"nofollow noopener\" target=\"_blank\">Jean-Pierre Foucault<\/a>, <a href=\"https:\/\/www.20minutes.fr\/arts-stars\/television\/4133789-20250117-bigdil-pourquoi-vincent-lagaf-autant-succes\" class=\"c-link c-link--is-underlined\" rel=\"nofollow noopener\" target=\"_blank\">Vincent Lagaf<\/a>\u2019, <a href=\"https:\/\/www.20minutes.fr\/dossier\/gad_elmaleh\" class=\"c-link c-link--is-underlined\" rel=\"nofollow noopener\" target=\"_blank\">Gad Elmaleh<\/a>, <a href=\"https:\/\/www.20minutes.fr\/arts-stars\/people\/4149751-20250422-jeff-panacloc-change-rythme-travail-apres-burn-out\" class=\"c-link c-link--is-underlined\" rel=\"nofollow noopener\" target=\"_blank\">Jeff Panacloc<\/a>\u2026 et m\u00eame un passage \u00e9clair de G\u00e9rard Lanvin, qui a fait le d\u00e9placement depuis le Maroc pour appara\u00eetre quelques minutes en plateau. Des s\u00e9quences calibr\u00e9es pour flatter l\u2019ego du ma\u00eetre de c\u00e9r\u00e9monie.<\/p>\n<p>Entre anciens fid\u00e8les et nouvelles recrues<\/p>\n<p>Cette premi\u00e8re a surtout \u00e9t\u00e9 l\u2019occasion de pr\u00e9senter la nouvelle bande. Une vingtaine de chroniqueurs feront la rotation, dont les fid\u00e8les Val\u00e9rie Bena\u00efm, Raymond Aabou, G\u00e9raldine Maillet ou Jordan De Luxe. Mais aussi quelques nouvelles t\u00eates\u00a0: l\u2019ex-ministre Marl\u00e8ne Schiappa, le journaliste politique Olivier Dartigolles, l\u2019ancienne journaliste de CNews Shana Loustau, Damien Canivez du Figaro, Amaury Bucco de Valeurs actuelles, ou encore Nelson Monfort.<\/p>\n<p>Difficile pourtant de parler de rupture\u00a0: la pr\u00e9sence de figures politiques comme Schiappa ou Dartigolles interroge d\u00e9j\u00e0 sur la capacit\u00e9 du programme \u00e0 respecter sa promesse \u00ab\u00a0z\u00e9ro politique\u00a0\u00bb.<\/p>\n<\/p>\n<p>Trois heures de show pour une impression de d\u00e9j\u00e0-vu<\/p>\n<p>Au fil des minutes, la m\u00e9canique s\u2019est r\u00e9v\u00e9l\u00e9e famili\u00e8re. De la s\u00e9quence people centr\u00e9e sur la vie amoureuse de Polska aux moqueries envers <a href=\"https:\/\/www.20minutes.fr\/dossier\/nagui\" class=\"c-link c-link--is-underlined\" rel=\"nofollow noopener\" target=\"_blank\">Nagui<\/a> (jugeant un manque de moyen pour l\u2019\u00e9mission \u00ab\u00a0Interville\u00a0\u00bb), en passant par les d\u00e9bats d\u2019actu, tout rappelait \u00ab\u00a0TPMP\u00a0\u00bb. M\u00eame les piques d\u2019Hanouna envers ses chroniqueurs \u00e9taient au rendez-vous.<\/p>\n<p>Niveau rubrique, les t\u00e9l\u00e9spectateurs ont vite (enfin au bout d\u2019une bonne heure d\u2019\u00e9mission quand m\u00eame) retrouv\u00e9 des s\u00e9quences bien connues comme le d\u00e9bat \u00ab\u00a0J\u2019ai zapp\u00e9, j\u2019ai mat\u00e9\u00a0?\u00a0\u00bb. Hanouna a m\u00eame lanc\u00e9 une nouvelle chronique baptis\u00e9e \u00ab\u00a0Les croustis de Cyril\u00a0\u00bb, qui consiste \u00e0 montrer des vid\u00e9os rep\u00e9r\u00e9es sur Internet, fa\u00e7on \u00ab\u00a0tonton boomer\u00a0\u00bb envoyant des liens WhatsApp.<\/p>\n<p><a href=\"https:\/\/www.20minutes.fr\/arts-stars\/television\/cyril_hanouna\/\" class=\"c-link c-btn c-btn--primary\" rel=\"nofollow noopener\" target=\"_blank\">Dossier sur Cyril Hanouna<\/a>La politique, in\u00e9vitable<\/p>\n<p>Tr\u00e8s vite, le divertissement promis a laiss\u00e9 place \u00e0 l\u2019actualit\u00e9 politique. La chronique \u00ab\u00a0Shana actu\u00a0\u00bb s\u2019est ouverte sur un discours de <a href=\"https:\/\/www.20minutes.fr\/politique\/francois_bayrou\/\" class=\"c-link c-link--is-underlined\" rel=\"nofollow noopener\" target=\"_blank\">Fran\u00e7ois Bayrou<\/a>, suscitant un d\u00e9bat anim\u00e9 autour de la table. G\u00e9raldine Maillet a d\u00e9nonc\u00e9 une \u00ab\u00a0piscine de d\u00e9magogie\u00a0\u00bb, quand Hanouna lui, a fini par l\u00e2cher\u00a0: \u00ab\u00a0On aurait d\u00fb garder Gabriel Attal.\u00a0\u00bb<\/p>\n<p>Mais la promesse pouvait-elle vraiment \u00eatre tenue quand deux des nouveaux visages, Marl\u00e8ne Schiappa et Olivier Dartigolles, viennent directement du monde politique\u00a0?<\/p>\n<p>Matthieu Delormeau, la v\u00e9ritable surprise (un peu tardive)<\/p>\n<p>La grande annonce \u00e9tait r\u00e9serv\u00e9e \u00e0 la fin de l\u2019\u00e9mission. Annonc\u00e9 dans l\u2019apr\u00e8s-midi sur les r\u00e9seaux et tout le long de l\u2019\u00e9mission, <a href=\"https:\/\/www.20minutes.fr\/arts-stars\/people\/4170706-20250902-matthieu-delormeau-fait-retour-tout-beau-tout-n9uf-raconter-lutte-contre-addictions\" class=\"c-link c-link--is-underlined\" rel=\"nofollow noopener\" target=\"_blank\">Matthieu Delormeau<\/a>, ex-pilier de \u00ab\u00a0TPMP\u00a0\u00bb, a fait son retour en plateau. Lunettes de vues, traits tir\u00e9s, il a confi\u00e9 avoir suivi une cure de d\u00e9sintoxication et promis de \u00ab\u00a0tout raconter\u00a0\u00bb d\u00e8s mardi soir. Dans la foul\u00e9e, Hanouna a officialis\u00e9 son retour dans l\u2019\u00e9quipe, cette fois comme chroniqueur r\u00e9gulier.<\/p>\n<p>Une s\u00e9quence forte, qui a permis \u00e0 Hanouna de terminer cette premi\u00e8re sur une note de suspense, en promettant \u00ab\u00a0une histoire\u00a0\u00bb \u00e0 suivre d\u00e8s le lendemain.<\/p>\n<p>Beaucoup de bruit, peu de neuf<\/p>\n<p>Apr\u00e8s trois heures d\u2019antenne, le constat est clair\u00a0: Tout beau, tout n9uf ressemble beaucoup \u00e0 \u00ab\u00a0TPMP\u00a0\u00bb. M\u00eame ambiance, m\u00eame ton, m\u00eame m\u00e9canique. Pour l\u2019instant, Hanouna a surtout prouv\u00e9 qu\u2019il pouvait reproduire sa recette sur une nouvelle cha\u00eene.<\/p>\n","protected":false},"excerpt":{"rendered":"Hier soir, Cyril Hanouna signait son grand retour \u00e0 la t\u00e9l\u00e9vision. Ce lundi 1er\u00a0septembre, l\u2019animateur-producteur a inaugur\u00e9 \u00ab\u00a0Tout&hellip;\n","protected":false},"author":2,"featured_media":360545,"comment_status":"","ping_status":"","sticky":false,"template":"","format":"standard","meta":{"footnotes":""},"categories":[1356],"tags":[7278,1083,58,4739,59,1011,27,4410,4545,9917,33875,7830,316,252,3171,49425,1364,2395],"class_list":{"0":"post-360544","1":"post","2":"type-post","3":"status-publish","4":"format-standard","5":"has-post-thumbnail","7":"category-television","8":"tag-c8","9":"tag-cyril-hanouna","10":"tag-divertissement","11":"tag-emission-de-television","12":"tag-entertainment","13":"tag-fr","14":"tag-france","15":"tag-gabriel-attal","16":"tag-gad-elmaleh","17":"tag-jean-pierre-foucault","18":"tag-marlene-schiappa","19":"tag-matthieu-delormeau","20":"tag-politique","21":"tag-television","22":"tag-tnt","23":"tag-tout-beau-tout-n9uf","24":"tag-tv","25":"tag-w9"},"share_on_mastodon":{"url":"https:\/\/pubeurope.com\/@fr\/115134258473364127","error":""},"_links":{"self":[{"href":"https:\/\/www.europesays.com\/fr\/wp-json\/wp\/v2\/posts\/360544","targetHints":{"allow":["GET"]}}],"collection":[{"href":"https:\/\/www.europesays.com\/fr\/wp-json\/wp\/v2\/posts"}],"about":[{"href":"https:\/\/www.europesays.com\/fr\/wp-json\/wp\/v2\/types\/post"}],"author":[{"embeddable":true,"href":"https:\/\/www.europesays.com\/fr\/wp-json\/wp\/v2\/users\/2"}],"replies":[{"embeddable":true,"href":"https:\/\/www.europesays.com\/fr\/wp-json\/wp\/v2\/comments?post=360544"}],"version-history":[{"count":0,"href":"https:\/\/www.europesays.com\/fr\/wp-json\/wp\/v2\/posts\/360544\/revisions"}],"wp:featuredmedia":[{"embeddable":true,"href":"https:\/\/www.europesays.com\/fr\/wp-json\/wp\/v2\/media\/360545"}],"wp:attachment":[{"href":"https:\/\/www.europesays.com\/fr\/wp-json\/wp\/v2\/media?parent=360544"}],"wp:term":[{"taxonomy":"category","embeddable":true,"href":"https:\/\/www.europesays.com\/fr\/wp-json\/wp\/v2\/categories?post=360544"},{"taxonomy":"post_tag","embeddable":true,"href":"https:\/\/www.europesays.com\/fr\/wp-json\/wp\/v2\/tags?post=360544"}],"curies":[{"name":"wp","href":"https:\/\/api.w.org\/{rel}","templated":true}]}}