{"id":360546,"date":"2025-09-02T10:35:12","date_gmt":"2025-09-02T10:35:12","guid":{"rendered":"https:\/\/www.europesays.com\/fr\/360546\/"},"modified":"2025-09-02T10:35:12","modified_gmt":"2025-09-02T10:35:12","slug":"matt-pokora-sur-un-lit-dhopital-quarrive-t-il-au-chanteur-en-cette-rentree","status":"publish","type":"post","link":"https:\/\/www.europesays.com\/fr\/360546\/","title":{"rendered":"Matt Pokora sur un lit d\u2019h\u00f4pital\u00a0: qu\u2019arrive-t-il au chanteur en cette rentr\u00e9e\u00a0?"},"content":{"rendered":"<p>\n                                                                Le chanteur Matt Pokora, actuellement coach dans The Voice Kids, sur TF1, s\u2019appr\u00eate \u00e0 partir en tourn\u00e9e. Avant son d\u00e9part sur les routes, il a d\u00fb faire un passage par l\u2019h\u00f4pital et a donn\u00e9 de ses nouvelles sur les r\u00e9seaux sociaux.\n                            <\/p>\n<p>Dans deux mois, il sera de retour sur sc\u00e8ne avec Adr\u00e9naline Tour. <a href=\"https:\/\/www.midilibre.fr\/2023\/11\/13\/je-ne-lesine-pas-sur-les-moyens-matt-pokora-se-confie-avant-son-show-a-la-sud-de-france-arena-11577565.php\" target=\"_self\" rel=\"nofollow noopener\">Matt Pokora s\u2019appr\u00eate \u00e0 parcourir la France<\/a> et fera d\u00e9couvrir son 10e album, Adr\u00e9naline, qui comprend 13 titres.<\/p>\n<p><a href=\"https:\/\/www.midilibre.fr\/2019\/12\/20\/m-pokora-mes-concerts-sont-aussi-ereintants-quun-match-de-foot,8617923.php\" target=\"_self\" rel=\"nofollow noopener\">Le chanteur, actuellement coach dans The Voice Kids<\/a> sur TF1, a d\u00fb subir une op\u00e9ration avant de prendre la route, rapporte <a href=\"https:\/\/www.programme-tv.net\/news\/people\/386554-matt-pokora-hospitalise-le-coach-de-the-voice-kids-donne-de-ses-nouvelles-apres-une-operation-tout-s-est-bien-passe\/\" target=\"_self\" rel=\"nofollow noopener\">T\u00e9l\u00e9-Loisirs<\/a>. Il a donn\u00e9 de ses nouvelles sur Instagram, ce lundi 1er\u00a0septembre.<\/p>\n<blockquote data-instgrm-captioned=\"\" data-instgrm-permalink=\"https:\/\/www.instagram.com\/p\/DOEEc2-DaMQ\/?utm_source=ig_embed&amp;utm_campaign=loading\" data-instgrm-version=\"14\" style=\" background:#FFF; border:0; border-radius:3px; box-shadow:0 0 1px 0 rgba(0,0,0,0.5),0 1px 10px 0 rgba(0,0,0,0.15); margin: 1px; max-width:540px; min-width:326px; padding:0; width:99.375%; width:-webkit-calc(100% - 2px); width:calc(100% - 2px);\" data-class=\"instagram-media\"\/>\n<p>De quoi souffre-t-il\u00a0?<\/p>\n<p><a href=\"https:\/\/www.midilibre.fr\/2023\/05\/15\/famille-origines-emission-sur-m6-le-chanteur-matt-pokora-revele-enfin-pourquoi-il-a-choisi-ce-nom-de-scene-11197547.php\" target=\"_self\" rel=\"nofollow noopener\">Matt Pokora<\/a> a r\u00e9v\u00e9l\u00e9 avoir \u00e9t\u00e9 op\u00e9r\u00e9 d\u2019une \u00ab\u00a0hernie de la ligne blanche\u00a0\u00bb, une \u00ab\u00a0petite op\u00e9ration de rentr\u00e9e pour r\u00e9parer (s) es abdos\u00a0\u00bb avant la tourn\u00e9e.<\/p>\n<p>Qu\u2019est-ce que la hernie de la ligne blanche\u00a0?<\/p>\n<p>\u00ab\u00a0Tout s\u2019est tr\u00e8s bien pass\u00e9\u00a0\u00bb, a-t-il partag\u00e9. Selon le centre lyonnais de chirurgie digestive, la hernie de la ligne blanche se manifeste \u00ab\u00a0sous forme d\u2019une tum\u00e9faction (boule), localis\u00e9e entre les muscles abdominaux au-dessus du nombril\u00a0\u00bb. Ce type de hernie peut notamment appara\u00eetre suite \u00e0 un \u00ab\u00a0effort physique intense et r\u00e9p\u00e9t\u00e9\u00a0\u00bb.<\/p>\n<p>Samedi 30\u00a0ao\u00fbt, dans The Voice Kids, Matt Pokora a convaincu Sasha de rejoindre son \u00e9quipe. La candidate venait de chanter sa chanson Les plan\u00e8tes, en cor\u00e9en et l\u2019artiste lui a fait la promesse d\u2019un duo ensemble.<\/p>\n<p>                                                                                                                                                                                                        <script async src=\"\/\/www.instagram.com\/embed.js\"><\/script><\/p>\n","protected":false},"excerpt":{"rendered":"Le chanteur Matt Pokora, actuellement coach dans The Voice Kids, sur TF1, s\u2019appr\u00eate \u00e0 partir en tourn\u00e9e. Avant&hellip;\n","protected":false},"author":2,"featured_media":360547,"comment_status":"","ping_status":"","sticky":false,"template":"","format":"standard","meta":{"footnotes":""},"categories":[1355],"tags":[58,59,1011,27,1361,873],"class_list":{"0":"post-360546","1":"post","2":"type-post","3":"status-publish","4":"format-standard","5":"has-post-thumbnail","7":"category-musique","8":"tag-divertissement","9":"tag-entertainment","10":"tag-fr","11":"tag-france","12":"tag-music","13":"tag-musique"},"share_on_mastodon":{"url":"https:\/\/pubeurope.com\/@fr\/115134262386998979","error":""},"_links":{"self":[{"href":"https:\/\/www.europesays.com\/fr\/wp-json\/wp\/v2\/posts\/360546","targetHints":{"allow":["GET"]}}],"collection":[{"href":"https:\/\/www.europesays.com\/fr\/wp-json\/wp\/v2\/posts"}],"about":[{"href":"https:\/\/www.europesays.com\/fr\/wp-json\/wp\/v2\/types\/post"}],"author":[{"embeddable":true,"href":"https:\/\/www.europesays.com\/fr\/wp-json\/wp\/v2\/users\/2"}],"replies":[{"embeddable":true,"href":"https:\/\/www.europesays.com\/fr\/wp-json\/wp\/v2\/comments?post=360546"}],"version-history":[{"count":0,"href":"https:\/\/www.europesays.com\/fr\/wp-json\/wp\/v2\/posts\/360546\/revisions"}],"wp:featuredmedia":[{"embeddable":true,"href":"https:\/\/www.europesays.com\/fr\/wp-json\/wp\/v2\/media\/360547"}],"wp:attachment":[{"href":"https:\/\/www.europesays.com\/fr\/wp-json\/wp\/v2\/media?parent=360546"}],"wp:term":[{"taxonomy":"category","embeddable":true,"href":"https:\/\/www.europesays.com\/fr\/wp-json\/wp\/v2\/categories?post=360546"},{"taxonomy":"post_tag","embeddable":true,"href":"https:\/\/www.europesays.com\/fr\/wp-json\/wp\/v2\/tags?post=360546"}],"curies":[{"name":"wp","href":"https:\/\/api.w.org\/{rel}","templated":true}]}}