{"id":360550,"date":"2025-09-02T10:37:15","date_gmt":"2025-09-02T10:37:15","guid":{"rendered":"https:\/\/www.europesays.com\/fr\/360550\/"},"modified":"2025-09-02T10:37:15","modified_gmt":"2025-09-02T10:37:15","slug":"bien-etre-pourquoi-le-cafe-du-matin-booste-aussi-votre-humeur","status":"publish","type":"post","link":"https:\/\/www.europesays.com\/fr\/360550\/","title":{"rendered":"Bien-\u00eatre : pourquoi le caf\u00e9 du matin booste aussi votre humeur ?"},"content":{"rendered":"<p>             <a href=\"https:\/\/ma-sante.news\/wp-content\/uploads\/2025\/08\/boire-un-cafe-matin-heureux-dopamine-bonne-humeur-Ma-Sante.jpeg\" data-caption=\"Et vous, vous buvez un caf\u00e9 le matin ? \u00a9 Adobe Stock\" rel=\"nofollow noopener\" target=\"_blank\"><img loading=\"lazy\" decoding=\"async\" width=\"696\" height=\"464\" class=\"entry-thumb td-modal-image\" src=\"data:image\/svg+xml,%3Csvg%20xmlns=\" http:=\"\" data-lazy- data-lazy- alt=\"Une femme heureuse qui boit un caf\u00e9 tous les matins pour \u00eatre de bonne humeur.\" title=\"boire un cafe\u0301 matin heureux dopamine bonne humeur Ma Sante\u0301\" data-lazy-src=\"https:\/\/www.europesays.com\/fr\/wp-content\/uploads\/2025\/09\/boire-un-cafe-matin-heureux-dopamine-bonne-humeur-Ma-Sante-696x464.jpeg\"\/><\/a>Et vous, vous buvez un caf\u00e9 le matin ? \u00a9 Adobe Stock                                    \t\t\t             <a class=\"gofollow\" data-track=\"MjgsMCw2MA==\" href=\"https:\/\/ma-sante.news\/inscrivez-vous-a-notre-newsletter\/\" rel=\"nofollow noopener\" target=\"_blank\"><img loading=\"lazy\" decoding=\"async\" width=\"1068\" height=\"131\" src=\"data:image\/svg+xml,%3Csvg%20xmlns=\" http:=\"\" data-lazy-src=\"https:\/\/www.europesays.com\/fr\/wp-content\/uploads\/2025\/03\/banniere-newsletter.png\"\/><\/a> <\/p>\n<p>En France, plus de 7 Fran\u00e7ais sur 10 d\u00e9clarent <a href=\"https:\/\/ma-sante.news\/nutrition-the-vs-cafe-comment-choisir\/\" rel=\"nofollow noopener\" target=\"_blank\">consommer du caf\u00e9 chaque jour <\/a>selon l\u2019Institut national de la consommation (INC). C\u2019est souvent la premi\u00e8re boisson aval\u00e9e au r\u00e9veil, avant m\u00eame de parler ou d\u2019ouvrir ses mails. Ce rituel n\u2019est pas qu\u2019une habitude culturelle. Il correspond aussi \u00e0 un m\u00e9canisme biologique bien identifi\u00e9 par les chercheurs.<\/p>\n<p>Une vaste \u00e9tude men\u00e9e en Allemagne et au Royaume-Uni, publi\u00e9e en 2024 dans la revue Scientific Reports, a observ\u00e9 le comportement de 236 jeunes adultes pendant quatre semaines. R\u00e9sultat, les participants \u00e9taient nettement plus heureux, enthousiastes et motiv\u00e9s les matins o\u00f9 ils buvaient du caf\u00e9 (ou une boisson caf\u00e9in\u00e9e), par rapport aux jours sans caf\u00e9.<\/p>\n<p>        La science derri\u00e8re la bonne humeur : dopamine et vigilance    <\/p>\n<p>Pourquoi un simple expresso a-t-il autant d\u2019effet sur notre moral ? Tout est une histoire de neurotransmetteurs. La caf\u00e9ine agit en bloquant les r\u00e9cepteurs de l\u2019ad\u00e9nosine, une mol\u00e9cule responsable de la sensation de fatigue. Le cerveau reste alors plus \u00e9veill\u00e9, plus vigilant. Mais surtout, ce blocage entra\u00eene une augmentation de l\u2019activit\u00e9 de la dopamine, surnomm\u00e9e \u00ab l\u2019hormone du plaisir et de la motivation \u00bb.<\/p>\n<p>Cette combinaison stimule l\u2019attention, r\u00e9duit la somnolence et g\u00e9n\u00e8re une sensation de satisfaction. En clair, la caf\u00e9ine module notre syst\u00e8me de r\u00e9compense c\u00e9r\u00e9bral, ce qui explique cet effet positif sur l\u2019humeur.<\/p>\n<p>        Quand boire un caf\u00e9 pour optimiser ses effets ?\u00a0    <\/p>\n<p>Si l\u2019on veut tirer le meilleur parti du caf\u00e9 matinal, le moment o\u00f9 on le boit compte \u00e9norm\u00e9ment.<\/p>\n<ul class=\"wp-block-list\">\n<li><strong>Dans les 2 h 30 apr\u00e8s le r\u00e9veil<\/strong> : c\u2019est le cr\u00e9neau identifi\u00e9 par les chercheurs allemands et britanniques o\u00f9 l\u2019effet positif sur l\u2019humeur est le plus marqu\u00e9.<\/li>\n<li><strong>Entre 9 h 30 et 11 h 30<\/strong> : plusieurs sp\u00e9cialistes en chronobiologie rappellent qu\u2019il vaut mieux \u00e9viter de boire son caf\u00e9 imm\u00e9diatement au saut du lit. Pourquoi ? Parce qu\u2019au r\u00e9veil, le taux de cortisol (l\u2019hormone de vigilance naturelle) est d\u00e9j\u00e0 \u00e9lev\u00e9. Attendre une petite heure permet de laisser agir ce m\u00e9canisme avant de donner un coup de pouce suppl\u00e9mentaire avec la caf\u00e9ine.<\/li>\n<li><strong>Avant midi<\/strong> : au-del\u00e0, la caf\u00e9ine reste efficace, mais son impact positif sur l\u2019humeur et la vigilance diminue.<\/li>\n<\/ul>\n<p>        Un alli\u00e9 sant\u00e9\u2026 s\u2019il est consomm\u00e9 avec mod\u00e9ration    <\/p>\n<p>Au-del\u00e0 du bien-\u00eatre imm\u00e9diat, le caf\u00e9 du matin serait aussi associ\u00e9 \u00e0 des b\u00e9n\u00e9fices sant\u00e9. Une \u00e9tude men\u00e9e par l\u2019Universit\u00e9 de Tulane (\u00c9tats-Unis) sur plus de 40 000 personnes suivies pendant dix ans a montr\u00e9 que la consommation de caf\u00e9 le matin (entre 4 h et midi) \u00e9tait li\u00e9e \u00e0 une r\u00e9duction de 16 % de la mortalit\u00e9 toutes causes confondues. Et jusqu\u2019\u00e0 31 % pour les maladies cardiovasculaires (Journal of the American Heart Association, 2023).<\/p>\n<p>En revanche, attention \u00e0 ne pas d\u00e9passer la dose. L\u2019Autorit\u00e9 europ\u00e9enne de s\u00e9curit\u00e9 des aliments (EFSA) recommande de ne pas exc\u00e9der 400 mg de caf\u00e9ine par jour, soit environ 4 tasses de caf\u00e9 filtre.<\/p>\n<p>Et pour prot\u00e9ger son sommeil, les sp\u00e9cialistes conseillent d\u2019\u00e9viter d\u2019en consommer apr\u00e8s 17\u201318 h, la demi-vie de la caf\u00e9ine \u00e9tant de 4 \u00e0 6 heures.<\/p>\n<blockquote class=\"wp-block-quote is-layout-flow wp-block-quote-is-layout-flow\">\n<p><strong>\u00c0 SAVOIR\u00a0<\/strong><\/p>\n<p>Le caf\u00e9 ne fait pas que r\u00e9veiller et mettre de bonne humeur. Selon une m\u00e9ta-analyse publi\u00e9e dans le Journal of Alzheimer\u2019s Disease (2016), une consommation mod\u00e9r\u00e9e (environ 3 tasses par jour) pourrait aussi r\u00e9duire le risque de d\u00e9velopper Alzheimer ou Parkinson.<\/p>\n<\/blockquote>\n<p>  <a class=\"gofollow\" data-track=\"MTIsMCw2MA==\" href=\"https:\/\/ma-sante.news\/annonceurs\/\" rel=\"nofollow noopener\" target=\"_blank\"><img loading=\"lazy\" decoding=\"async\" width=\"2560\" height=\"2133\" src=\"data:image\/svg+xml,%3Csvg%20xmlns=\" http:=\"\" data-lazy-src=\"https:\/\/www.europesays.com\/fr\/wp-content\/uploads\/2025\/03\/pub-annonceurs-4-scaled.jpg\"\/><\/a>    <img loading=\"lazy\" decoding=\"async\" width=\"755\" height=\"495\" src=\"data:image\/svg+xml,%3Csvg%20xmlns=\" http:=\"\" data-lazy-src=\"https:\/\/www.europesays.com\/fr\/wp-content\/uploads\/2025\/03\/Image1.jpg\"\/>Inscrivez-vous \u00e0 notre newsletter <br \/>Ma Sant\u00e9                      <\/p>\n","protected":false},"excerpt":{"rendered":"Et vous, vous buvez un caf\u00e9 le matin ? \u00a9 Adobe Stock En France, plus de 7 Fran\u00e7ais&hellip;\n","protected":false},"author":2,"featured_media":360551,"comment_status":"","ping_status":"","sticky":false,"template":"","format":"standard","meta":{"footnotes":""},"categories":[10],"tags":[49608,1011,27,72,71],"class_list":{"0":"post-360550","1":"post","2":"type-post","3":"status-publish","4":"format-standard","5":"has-post-thumbnail","7":"category-sante","8":"tag-cafu00e9","9":"tag-fr","10":"tag-france","11":"tag-health","12":"tag-sante"},"share_on_mastodon":{"url":"https:\/\/pubeurope.com\/@fr\/115134270303865502","error":""},"_links":{"self":[{"href":"https:\/\/www.europesays.com\/fr\/wp-json\/wp\/v2\/posts\/360550","targetHints":{"allow":["GET"]}}],"collection":[{"href":"https:\/\/www.europesays.com\/fr\/wp-json\/wp\/v2\/posts"}],"about":[{"href":"https:\/\/www.europesays.com\/fr\/wp-json\/wp\/v2\/types\/post"}],"author":[{"embeddable":true,"href":"https:\/\/www.europesays.com\/fr\/wp-json\/wp\/v2\/users\/2"}],"replies":[{"embeddable":true,"href":"https:\/\/www.europesays.com\/fr\/wp-json\/wp\/v2\/comments?post=360550"}],"version-history":[{"count":0,"href":"https:\/\/www.europesays.com\/fr\/wp-json\/wp\/v2\/posts\/360550\/revisions"}],"wp:featuredmedia":[{"embeddable":true,"href":"https:\/\/www.europesays.com\/fr\/wp-json\/wp\/v2\/media\/360551"}],"wp:attachment":[{"href":"https:\/\/www.europesays.com\/fr\/wp-json\/wp\/v2\/media?parent=360550"}],"wp:term":[{"taxonomy":"category","embeddable":true,"href":"https:\/\/www.europesays.com\/fr\/wp-json\/wp\/v2\/categories?post=360550"},{"taxonomy":"post_tag","embeddable":true,"href":"https:\/\/www.europesays.com\/fr\/wp-json\/wp\/v2\/tags?post=360550"}],"curies":[{"name":"wp","href":"https:\/\/api.w.org\/{rel}","templated":true}]}}