{"id":360566,"date":"2025-09-02T10:45:12","date_gmt":"2025-09-02T10:45:12","guid":{"rendered":"https:\/\/www.europesays.com\/fr\/360566\/"},"modified":"2025-09-02T10:45:12","modified_gmt":"2025-09-02T10:45:12","slug":"loire-jazz-au-sommet-fera-swinguer-le-pilat-du-4-au-14-septembre","status":"publish","type":"post","link":"https:\/\/www.europesays.com\/fr\/360566\/","title":{"rendered":"Loire. Jazz au Sommet fera swinguer\u00a0le Pilat du 4 au 14\u00a0septembre"},"content":{"rendered":"<p>L\u2019association Jazz au Village a pour leitmotiv de rassembler tous les publics, l\u00e0 o\u00f9 ils se trouvent, autour du jazz. Toutes les populations sont concern\u00e9es\u00a0: des seniors dans les Ehpad avec Jazz au Village, aux enfants dans les \u00e9coles avec une tourn\u00e9e dans les villages \u00e0 la suite de Jazz au Sommet.<\/p>\n<p>C\u2019est justement\u00a0la 19e \u00e9dition cette ann\u00e9e qu\u2019a concoct\u00e9e l\u2019association, avec, comme d\u2019habitude, une incitation au voyage\u00a0: des Carpates avec le Bucarest Experiensa au Br\u00e9sil avec le duo Esquinas en passant par les Cara\u00efbes avec Saki F\u00e8t F\u00e8t. Le voyage d\u00e9butera jeudi 4\u00a0septembre \u00e0 la Diligence de Saint-Genest-Malifaux avec ElliAVIR, qui propose un m\u00e9lange de musique nordique et pop moderne.<\/p>\n<p>  BD-concert pour clore le festival<\/p>\n<p>Vendredi\u00a05, \u00e0 la salle Jules-Verne, apr\u00e8s Moustik Haterz, jeune groupe grenoblois laur\u00e9at du Tremplin 2025, Jazz au Sommet nous emm\u00e8nera sur des rythmes balkaniques, orientaux et afro. Puis Hugh Coltman, crooner rock jazz teint\u00e9 de blues, sublimera les \u00e9preuves qu\u2019il a travers\u00e9es.<\/p>\n<p>Samedi\u00a05, toujours salle Jules-Verne, le trio Bucarest Experiensa invite la chanteuse Dessislava Legoff pour un quatuor in\u00e9dit, en vue d\u2019un r\u00e9pertoire balkanique tzigane de compositions originales.<\/p>\n<p>Le festival continue dimanche \u00e0 Saint-R\u00e9gis-du Coin, pour reprendre jeudi\u00a011 jusqu\u2019\u00e0 dimanche\u00a014 \u00e0 Marlhes, Saint-Sauveur-en-Rue et Saint-R\u00e9gis-du-Coin.<\/p>\n<p>La cl\u00f4ture aura lieu dimanche\u00a014, avec un retour \u00e0 la salle Jules Verne pour une BD-concert, avec Florent Hermet \u00e0 la contrebasse et Antoine Asselineau \u00e0 la vid\u00e9o, pour un voyage graphique et sonore dans un univers po\u00e9tique et envo\u00fbtant.<\/p>\n<p class=\"note\">Billetterie, tarifs et horaires sur www.jazzausommet.com<\/p>\n","protected":false},"excerpt":{"rendered":"L\u2019association Jazz au Village a pour leitmotiv de rassembler tous les publics, l\u00e0 o\u00f9 ils se trouvent, autour&hellip;\n","protected":false},"author":2,"featured_media":360567,"comment_status":"","ping_status":"","sticky":false,"template":"","format":"standard","meta":{"footnotes":""},"categories":[9653],"tags":[1111,11,2430,1687,7539,1777,674,1011,27,3367,873,12,25,4001,15342,15343],"class_list":{"0":"post-360566","1":"post","2":"type-post","3":"status-publish","4":"format-standard","5":"has-post-thumbnail","7":"category-saint-etienne","8":"tag-actu","9":"tag-actualites","10":"tag-auvergne-rhone-alpes","11":"tag-culture-loisirs","12":"tag-edition-loire-sud","13":"tag-eu","14":"tag-europe","15":"tag-fr","16":"tag-france","17":"tag-loire","18":"tag-musique","19":"tag-news","20":"tag-republique-francaise","21":"tag-saint-etienne","22":"tag-saint-genest-malifaux","23":"tag-saint-genest-malifaux-bassin"},"share_on_mastodon":{"url":"https:\/\/pubeurope.com\/@fr\/115134301768473005","error":""},"_links":{"self":[{"href":"https:\/\/www.europesays.com\/fr\/wp-json\/wp\/v2\/posts\/360566","targetHints":{"allow":["GET"]}}],"collection":[{"href":"https:\/\/www.europesays.com\/fr\/wp-json\/wp\/v2\/posts"}],"about":[{"href":"https:\/\/www.europesays.com\/fr\/wp-json\/wp\/v2\/types\/post"}],"author":[{"embeddable":true,"href":"https:\/\/www.europesays.com\/fr\/wp-json\/wp\/v2\/users\/2"}],"replies":[{"embeddable":true,"href":"https:\/\/www.europesays.com\/fr\/wp-json\/wp\/v2\/comments?post=360566"}],"version-history":[{"count":0,"href":"https:\/\/www.europesays.com\/fr\/wp-json\/wp\/v2\/posts\/360566\/revisions"}],"wp:featuredmedia":[{"embeddable":true,"href":"https:\/\/www.europesays.com\/fr\/wp-json\/wp\/v2\/media\/360567"}],"wp:attachment":[{"href":"https:\/\/www.europesays.com\/fr\/wp-json\/wp\/v2\/media?parent=360566"}],"wp:term":[{"taxonomy":"category","embeddable":true,"href":"https:\/\/www.europesays.com\/fr\/wp-json\/wp\/v2\/categories?post=360566"},{"taxonomy":"post_tag","embeddable":true,"href":"https:\/\/www.europesays.com\/fr\/wp-json\/wp\/v2\/tags?post=360566"}],"curies":[{"name":"wp","href":"https:\/\/api.w.org\/{rel}","templated":true}]}}