{"id":360572,"date":"2025-09-02T10:48:22","date_gmt":"2025-09-02T10:48:22","guid":{"rendered":"https:\/\/www.europesays.com\/fr\/360572\/"},"modified":"2025-09-02T10:48:22","modified_gmt":"2025-09-02T10:48:22","slug":"elle-sera-fermee-a-la-circulation","status":"publish","type":"post","link":"https:\/\/www.europesays.com\/fr\/360572\/","title":{"rendered":"elle sera ferm\u00e9e \u00e0 la circulation"},"content":{"rendered":"<p>En raison d\u2019une d\u00e9gradation constat\u00e9e sur une partie de la RD903, le D\u00e9partement indique que des travaux vont avoir lieu \u00e0 partir du mercredi 3\u00a0septembre. Axe particuli\u00e8rement fr\u00e9quent\u00e9, effectuant la liaison routi\u00e8re Verdun-Nancy, la D903 sera ferm\u00e9e \u00e0 la circulation du mercredi 3\u00a0septembre au vendredi 5\u00a0septembre, de 7\u00a0h\u00a030 \u00e0 16\u00a0h (horaire approximatif de fin de travaux) sur un double tron\u00e7on correspondant au secteur de l\u2019a\u00e9rodrome du Rozelier Verdun-Sommedieue ainsi qu\u2019un carrefour de la tranch\u00e9e de la Calonne.<\/p>\n<p>Ce contenu est bloqu\u00e9 car vous n&rsquo;avez pas accept\u00e9 les cookies et autres traceurs.<\/p>\n<p>En cliquant sur \u00ab J\u2019accepte \u00bb, les cookies et autres traceurs seront d\u00e9pos\u00e9s et vous pourrez visualiser les contenus  (<a href=\"\" class=\"consentModule_policy\" target=\"_blank\" title=\"Consulter la politique de protection des donn\u00e9es du fournisseur\">plus d&rsquo;informations<\/a>).<\/p>\n<p>En cliquant sur \u00ab J\u2019accepte tous les cookies \u00bb, vous autorisez des d\u00e9p\u00f4ts de cookies et autres traceurs pour le stockage de vos donn\u00e9es sur nos sites et applications \u00e0 des fins de personnalisation et de ciblage publicitaire.<\/p>\n<p class=\"consentModule_secondaryText\">Vous gardez la possibilit\u00e9 de retirer votre consentement \u00e0 tout moment en consultant notre <a href=\"https:\/\/www.estrepublicain.fr\/protection-des-donnees\" target=\"_blank\" title=\"Consulter notre politique de protection des donn\u00e9es\" rel=\"noopener\">politique de protection des donn\u00e9es<\/a>. <br \/>&#13;<br \/>\n            <a href=\"https:\/\/www.estrepublicain.fr\/economie\/2025\/09\/02\/javascript:Didomi.notice.show()\" class=\"consentModule_cmp\" target=\"_blank\" rel=\"noopener\">G\u00e9rer mes choix<\/a>&#13;\n        <\/p>\n<p>&#13;<br \/>\n                        J&rsquo;accepte&#13;<br \/>\n            J&rsquo;accepte tous les cookies&#13;\n        <\/p>\n<p>&#13;<br \/>\n   Durant ces trois jours, la chauss\u00e9e sera rabot\u00e9e avant la pose d\u2019un nouvel enrob\u00e9 \u00e0 partir du lundi 8\u00a0septembre qui entra\u00eenera une fermeture de la circulation aux m\u00eames horaires jusqu\u2019\u00e0 la fin du chantier. La r\u00e9ouverture est esp\u00e9r\u00e9e au plus tard le 10\u00a0septembre selon l\u2019avanc\u00e9e des travaux. <\/p>\n<p>   Transports scolaires et secours auront une d\u00e9rogation<\/p>\n<p>Durant la premi\u00e8re tranche des travaux, les transports scolaires b\u00e9n\u00e9ficient d\u2019une d\u00e9rogation, au m\u00eame titre que les services de secours, les professionnels devant intervenir sur <a href=\"https:\/\/www.estrepublicain.fr\/defense-guerre-conflit\/2023\/05\/24\/depot-de-munitions-du-rozelier-concilier-perimetre-de-securite-et-loisirs-en-pleine-nature\" target=\"_blank\" rel=\"noopener\">la base militaire du Rozelier<\/a> ainsi qu\u2019\u00e0 l\u2019a\u00e9rodrome. Toutefois, le D\u00e9partement de la Meuse pr\u00e9cise que \u00ab\u00a0le chantier d\u2019application des enrob\u00e9s constituera un obstacle infranchissable\u00a0\u00bb.<\/p>\n<p>En dehors des horaires des travaux, la circulation est rouverte et le sera \u00e9galement ce week-end, permettant l\u2019acc\u00e8s \u00e0 <a href=\"https:\/\/www.estrepublicain.fr\/sport\/2025\/08\/27\/trail-velo-rando-concert-montgolfiere-concert-la-33e-edition-de-la-trace-de-la-beholle-se-profile-et-les-inscriptions-sont-ouvertes\" target=\"_blank\" rel=\"noopener\">la manifestation de la Trace de la B\u00e9holle organis\u00e9e samedi et dimanche prochain.<\/a> Du rond-point de l\u2019Europe \u00e0 Haudainville, \u00e0 Haudiomont, des d\u00e9viations seront mises en place par la RD964 et la RD159 en direction de Dieue-sur-Meuse.<\/p>\n","protected":false},"excerpt":{"rendered":"En raison d\u2019une d\u00e9gradation constat\u00e9e sur une partie de la RD903, le D\u00e9partement indique que des travaux vont&hellip;\n","protected":false},"author":2,"featured_media":360573,"comment_status":"","ping_status":"","sticky":false,"template":"","format":"standard","meta":{"footnotes":""},"categories":[9635],"tags":[1111,11,4749,3542,33,3602,10174,1777,674,1011,27,775,11209,1702,12,25,2803,10172,10173],"class_list":{"0":"post-360572","1":"post","2":"type-post","3":"status-publish","4":"format-standard","5":"has-post-thumbnail","7":"category-nancy","8":"tag-actu","9":"tag-actualites","10":"tag-btp-et-chantiers","11":"tag-circulation","12":"tag-economie","13":"tag-edition-bar-le-duc","14":"tag-edition-verdun","15":"tag-eu","16":"tag-europe","17":"tag-fr","18":"tag-france","19":"tag-grand-est","20":"tag-meuse","21":"tag-nancy","22":"tag-news","23":"tag-republique-francaise","24":"tag-transport","25":"tag-verdun","26":"tag-verdun-ville-55a"},"share_on_mastodon":{"url":"https:\/\/pubeurope.com\/@fr\/115134313520028641","error":""},"_links":{"self":[{"href":"https:\/\/www.europesays.com\/fr\/wp-json\/wp\/v2\/posts\/360572","targetHints":{"allow":["GET"]}}],"collection":[{"href":"https:\/\/www.europesays.com\/fr\/wp-json\/wp\/v2\/posts"}],"about":[{"href":"https:\/\/www.europesays.com\/fr\/wp-json\/wp\/v2\/types\/post"}],"author":[{"embeddable":true,"href":"https:\/\/www.europesays.com\/fr\/wp-json\/wp\/v2\/users\/2"}],"replies":[{"embeddable":true,"href":"https:\/\/www.europesays.com\/fr\/wp-json\/wp\/v2\/comments?post=360572"}],"version-history":[{"count":0,"href":"https:\/\/www.europesays.com\/fr\/wp-json\/wp\/v2\/posts\/360572\/revisions"}],"wp:featuredmedia":[{"embeddable":true,"href":"https:\/\/www.europesays.com\/fr\/wp-json\/wp\/v2\/media\/360573"}],"wp:attachment":[{"href":"https:\/\/www.europesays.com\/fr\/wp-json\/wp\/v2\/media?parent=360572"}],"wp:term":[{"taxonomy":"category","embeddable":true,"href":"https:\/\/www.europesays.com\/fr\/wp-json\/wp\/v2\/categories?post=360572"},{"taxonomy":"post_tag","embeddable":true,"href":"https:\/\/www.europesays.com\/fr\/wp-json\/wp\/v2\/tags?post=360572"}],"curies":[{"name":"wp","href":"https:\/\/api.w.org\/{rel}","templated":true}]}}