{"id":360578,"date":"2025-09-02T10:51:12","date_gmt":"2025-09-02T10:51:12","guid":{"rendered":"https:\/\/www.europesays.com\/fr\/360578\/"},"modified":"2025-09-02T10:51:12","modified_gmt":"2025-09-02T10:51:12","slug":"les-restaurateurs-donnent-la-patte-aux-animaux","status":"publish","type":"post","link":"https:\/\/www.europesays.com\/fr\/360578\/","title":{"rendered":"les restaurateurs donnent la patte aux animaux"},"content":{"rendered":"<p>            Par<br \/>\n        <strong><br \/>\n            <a href=\"https:\/\/actu.fr\/auteur\/j-phan\" title=\"Consulter tous les articles de Jordan Phan\" target=\"_blank\" rel=\"noopener\">Jordan Phan<\/a><br \/>\n        <\/strong><\/p>\n<p>        Publi\u00e9 le<\/p>\n<p>            2 sept. 2025 \u00e0 12h36        <\/p>\n<p>Les animaux sont nos amis. C\u2019est ce que revendique fi\u00e8rement la ville de <strong>Palavas-les-Flots<\/strong> qui a lanc\u00e9 plusieurs dispositifs pour la <strong>cause animale<\/strong>, et surtout en p\u00e9riode estivale, o\u00f9 les abandons se multiplient. <strong>Label<\/strong> <strong>\u00ab\u00a0DOG FRIENDLY\u00a0\u00bb<\/strong> pour les restaurateurs,<strong> bornes de sacs<\/strong> pour d\u00e9jections canines, <strong>familles d\u2019accueil<\/strong>, <strong>nichoirs<\/strong> pour volatiles, journ\u00e9e <strong>SPA<\/strong>\u2026 Palavas ne fait pas les choses \u00e0 moiti\u00e9.<\/p>\n<p>Les chiens sont les bienvenus<\/p>\n<p class=\" wall-content\">La <strong>SPA Montpellier M\u00e9diterran\u00e9e M\u00e9tropole<\/strong> (SPA3M) a mis en place une initiative originale alliant cause animale, solidarit\u00e9 locale et convivialit\u00e9 : le label \u00ab <strong>DOG FRIENDLY \u2013 accueil chiens<\/strong> \u00bb consacr\u00e9 aux restaurants de l\u2019H\u00e9rault. Ce sticker coll\u00e9 sur la devanture de ceux-ci manifeste l\u2019engagement du restaurateur en faveur du <strong>bien-\u00eatre animal<\/strong> et l\u2019accueil plus respectueux des chiens des clients. Chaque autocollant comporte un QR code renvoyant vers une page de dons en ligne au profit de la SPA3M.<\/p>\n<p>    <img   decoding=\"async\" loading=\"lazy\" src=\"https:\/\/www.europesays.com\/fr\/wp-content\/uploads\/2025\/09\/lettre-anniv-maximpdf-1-960x640.png\" alt=\"Un message clair avec cet autocollant visible de 15cm x 15cm : les chiens sont les bienvenus !\" width=\"960\" height=\"640\"\/><br \/>\n    Un message clair avec cet autocollant visible de 15cm x 15cm : les chiens sont les bienvenus ! (\u00a9DR \/ SPA3M)\u00a0Les Toutounets pour plus de propret\u00e9<\/p>\n<p class=\" wall-content\"><strong>33 Toutounets<\/strong> ont \u00e9t\u00e9 install\u00e9s dans toute la ville. Mais que sont des Toutounets ? Eh bien, ce sont simplement des <strong>bornes de sacs pour d\u00e9jections canines<\/strong>. Elles sont plac\u00e9es \u00e0 des endroits strat\u00e9giques pour que les particuliers ramassent les excr\u00e9ments de leurs animaux et ainsi <strong>pr\u00e9server l\u2019environnement<\/strong>. Cela \u00e9vite aussi une grosse d\u00e9pense de leur part, quand on sait que nos amis les chiens se soulagent au moins <strong>une fois par jour<\/strong>.<\/p>\n<p>    <img   decoding=\"async\" loading=\"lazy\" src=\"https:\/\/www.europesays.com\/fr\/wp-content\/uploads\/2025\/09\/toutounet-960x640.jpeg\" alt=\"Il existe des espaces canins situ\u00e9s sur le parking entre le Miami et la villa Saint-Pierre, le parc des oliviers et le bord des \u00e9tangs\" width=\"960\" height=\"640\"\/><br \/>\n    Il existe des espaces canins situ\u00e9s sur le parking entre le Miami et la villa Saint-Pierre, le parc des oliviers et le bord des \u00e9tangs (\u00a9DR \/ Palavas-les-Flots)Vid\u00e9os : en ce moment sur ActuL\u2019action Chalavachiens<\/p>\n<p class=\" wall-content\">Mis en place par la municipalit\u00e9 \u00e0 l\u2019<strong>automne 2023<\/strong>, l\u2019action <strong>Chalavachiens<\/strong> est un projet solidaire de <strong>famille d\u2019accueil<\/strong>. Donc, si vous le souhaitez, vous pouvez devenir famille d\u2019accueil de ces animaux \u00e0 quatre pattes. Ce n\u2019est pas compliqu\u00e9, il suffit de <strong>remplir un dossier<\/strong> qui sera \u00e9tudi\u00e9 par une commission dirig\u00e9e par l\u2019adjointe au maire <strong>Marie-Claude Nougaret<\/strong> et la conseill\u00e8re municipale <strong>Pamela Bessi\u00e8re<\/strong>. Il est demand\u00e9 de remplir quatre conditions : \u00ab\u00a0aimer les animaux, habiter Palavas-les-Flots, avoir envie de s\u2019engager dans une action de solidarit\u00e9 et avoir du temps pour prendre soin d\u2019un animal, le promener et le c\u00e2liner !\u00a0\u00bb.<\/p>\n<p>Votre r\u00e9gion, votre actu !<\/p>\n<p>Recevez chaque jour les infos qui comptent pour vous.<\/p>\n<p>\t<a href=\"https:\/\/actu.fr\/newsletter\" class=\"ac-btn ac-btn--corner ac-btn--medium ac-btn--blue800\" target=\"_blank\" rel=\"noopener\">S&rsquo;incrire<\/a><br \/>\nNiche-toi au nichoir<\/p>\n<p class=\" wall-content\">Au <strong>parc du levant Albert Edouard<\/strong> et dans le <strong>jardin Saint-Pierre<\/strong>, la ville a fait installer des <strong>nichoirs<\/strong> pr\u00e8s des arbres pour nos amis les oiseaux. En collaboration avec le <strong>Lions Palavas M\u00e9diterran\u00e9e<\/strong> et la <strong>ligue de Protection des Oiseaux de l\u2019H\u00e9rault<\/strong> (LPO), ce projet a pour but d\u2019abriter les m\u00e9sanges, les huppes, les rouges-queues noirs et les chauves-souris.<\/p>\n<p>    <img   decoding=\"async\" loading=\"lazy\" src=\"https:\/\/www.europesays.com\/fr\/wp-content\/uploads\/2025\/09\/istock-166004939-2-960x640.jpg\" alt=\"Neuf nichoirs ont \u00e9t\u00e9 accroch\u00e9s au parc Albert Edouard et cinq autres ont pris place dans le jardin Saint-Pierre, la prochaine \u00e9tape sera certainement au sommet de la Redoute de Ballestras\" width=\"960\" height=\"640\"\/><br \/>\n    Neuf nichoirs ont \u00e9t\u00e9 accroch\u00e9s au parc Albert Edouard et cinq autres ont pris place dans le jardin Saint-Pierre, la prochaine \u00e9tape sera certainement au sommet de la Redoute de Ballestras (\u00a9iStock \/ northforklight)Sensibiliser le public \u00e0 l\u2019abandon<\/p>\n<p class=\" wall-content\">Une matin\u00e9e SPA est organis\u00e9e le <strong>samedi 18 octobre<\/strong> \u00e0 Palavas. Cet \u00e9v\u00e9nement sera l\u2019occasion de pr\u00e9senter des chiens afin d\u2019acc\u00e9l\u00e9rer leur adoption, sensibiliser le public \u00e0 l\u2019abandon et \u00e0 l\u2019<strong>adoption responsable<\/strong>, mais aussi d\u2019informer les personnes de l\u2019ouverture des plages de la ville \u00e0 nos amis canins. La journ\u00e9e d\u00e9butera sous les coups de 10h avec un d\u00e9fil\u00e9 de chiens suivi d\u2019un discours du maire et enfin d\u2019une petite balade.<\/p>\n<p class=\" wall-content\">Personnalisez votre actualit\u00e9 en ajoutant vos villes et m\u00e9dias en favori avec <a href=\"https:\/\/moncompte.actu.fr\" title=\"D\u00e9couvez Mon Actu\" rel=\"nofollow noopener\" data-trk=\"{&quot;cta&quot;:{&quot;action&quot;:&quot;https:\\\/\\\/moncompte.actu.fr&quot;,&quot;category&quot;:&quot;mon compte&quot;,&quot;from&quot;:&quot;article footer&quot;,&quot;name&quot;:&quot;Mon actu&quot;,&quot;type&quot;:&quot;cta&quot;}}\" target=\"_blank\">Mon Actu<\/a>.<\/p>\n","protected":false},"excerpt":{"rendered":"Par Jordan Phan Publi\u00e9 le 2 sept. 2025 \u00e0 12h36 Les animaux sont nos amis. C\u2019est ce que&hellip;\n","protected":false},"author":2,"featured_media":360579,"comment_status":"","ping_status":"","sticky":false,"template":"","format":"standard","meta":{"footnotes":""},"categories":[9599],"tags":[1111,11,1867,7654,4850,1777,674,1011,27,2208,12,2680,25,104],"class_list":{"0":"post-360578","1":"post","2":"type-post","3":"status-publish","4":"format-standard","5":"has-post-thumbnail","7":"category-montpellier","8":"tag-actu","9":"tag-actualites","10":"tag-animaux","11":"tag-chat","12":"tag-chien","13":"tag-eu","14":"tag-europe","15":"tag-fr","16":"tag-france","17":"tag-montpellier","18":"tag-news","19":"tag-occitanie","20":"tag-republique-francaise","21":"tag-societe"},"share_on_mastodon":{"url":"https:\/\/pubeurope.com\/@fr\/115134325359915148","error":""},"_links":{"self":[{"href":"https:\/\/www.europesays.com\/fr\/wp-json\/wp\/v2\/posts\/360578","targetHints":{"allow":["GET"]}}],"collection":[{"href":"https:\/\/www.europesays.com\/fr\/wp-json\/wp\/v2\/posts"}],"about":[{"href":"https:\/\/www.europesays.com\/fr\/wp-json\/wp\/v2\/types\/post"}],"author":[{"embeddable":true,"href":"https:\/\/www.europesays.com\/fr\/wp-json\/wp\/v2\/users\/2"}],"replies":[{"embeddable":true,"href":"https:\/\/www.europesays.com\/fr\/wp-json\/wp\/v2\/comments?post=360578"}],"version-history":[{"count":0,"href":"https:\/\/www.europesays.com\/fr\/wp-json\/wp\/v2\/posts\/360578\/revisions"}],"wp:featuredmedia":[{"embeddable":true,"href":"https:\/\/www.europesays.com\/fr\/wp-json\/wp\/v2\/media\/360579"}],"wp:attachment":[{"href":"https:\/\/www.europesays.com\/fr\/wp-json\/wp\/v2\/media?parent=360578"}],"wp:term":[{"taxonomy":"category","embeddable":true,"href":"https:\/\/www.europesays.com\/fr\/wp-json\/wp\/v2\/categories?post=360578"},{"taxonomy":"post_tag","embeddable":true,"href":"https:\/\/www.europesays.com\/fr\/wp-json\/wp\/v2\/tags?post=360578"}],"curies":[{"name":"wp","href":"https:\/\/api.w.org\/{rel}","templated":true}]}}