{"id":360580,"date":"2025-09-02T10:52:11","date_gmt":"2025-09-02T10:52:11","guid":{"rendered":"https:\/\/www.europesays.com\/fr\/360580\/"},"modified":"2025-09-02T10:52:11","modified_gmt":"2025-09-02T10:52:11","slug":"montpellier-sur-les-ruines-du-bidonville-de-la-jasse-de-maurin-letat-et-la-ville-affichent-leur-determination","status":"publish","type":"post","link":"https:\/\/www.europesays.com\/fr\/360580\/","title":{"rendered":"Montpellier : sur les ruines du bidonville de la Jasse de Maurin, l\u2019\u00c9tat et la Ville affichent leur d\u00e9termination"},"content":{"rendered":"<p>Comme le d\u00e9nonce les associations, une dizaine de personnes, arriv\u00e9es sur place apr\u00e8s le d\u00e9but du processus, n\u2019ont pas \u00e9t\u00e9 incluses. Pour le pr\u00e9fet de l\u2019H\u00e9rault, la raison est simple et le message est clair : \u201cOn ne vient pas \u00e0 Montpellier pour s\u2019installer dans un bidonville, \u00e7a n\u2019existe pas\u201d. Ces personnes ne b\u00e9n\u00e9ficieront d\u2019aucune solution, conform\u00e9ment \u00e0 la r\u00e8gle pos\u00e9e entre les partenaires du plan anti-bidonvilles. Cette fermet\u00e9, l\u2019homme l\u2019assume pleinement. \u201cOn tend une main une fois que la main est tendue, si on ne la prend pas, alors il y a la duret\u00e9 des dispositifs de l\u2019\u00c9tat, des expulsions, de la judiciarisation des cas si c\u2019est n\u00e9cessaire\u201d. <\/p>\n","protected":false},"excerpt":{"rendered":"Comme le d\u00e9nonce les associations, une dizaine de personnes, arriv\u00e9es sur place apr\u00e8s le d\u00e9but du processus, n\u2019ont&hellip;\n","protected":false},"author":2,"featured_media":360581,"comment_status":"","ping_status":"","sticky":false,"template":"","format":"standard","meta":{"footnotes":""},"categories":[9599],"tags":[1111,11,1777,674,1011,27,2208,12,2680,25],"class_list":{"0":"post-360580","1":"post","2":"type-post","3":"status-publish","4":"format-standard","5":"has-post-thumbnail","7":"category-montpellier","8":"tag-actu","9":"tag-actualites","10":"tag-eu","11":"tag-europe","12":"tag-fr","13":"tag-france","14":"tag-montpellier","15":"tag-news","16":"tag-occitanie","17":"tag-republique-francaise"},"share_on_mastodon":{"url":"https:\/\/pubeurope.com\/@fr\/115134329182735188","error":""},"_links":{"self":[{"href":"https:\/\/www.europesays.com\/fr\/wp-json\/wp\/v2\/posts\/360580","targetHints":{"allow":["GET"]}}],"collection":[{"href":"https:\/\/www.europesays.com\/fr\/wp-json\/wp\/v2\/posts"}],"about":[{"href":"https:\/\/www.europesays.com\/fr\/wp-json\/wp\/v2\/types\/post"}],"author":[{"embeddable":true,"href":"https:\/\/www.europesays.com\/fr\/wp-json\/wp\/v2\/users\/2"}],"replies":[{"embeddable":true,"href":"https:\/\/www.europesays.com\/fr\/wp-json\/wp\/v2\/comments?post=360580"}],"version-history":[{"count":0,"href":"https:\/\/www.europesays.com\/fr\/wp-json\/wp\/v2\/posts\/360580\/revisions"}],"wp:featuredmedia":[{"embeddable":true,"href":"https:\/\/www.europesays.com\/fr\/wp-json\/wp\/v2\/media\/360581"}],"wp:attachment":[{"href":"https:\/\/www.europesays.com\/fr\/wp-json\/wp\/v2\/media?parent=360580"}],"wp:term":[{"taxonomy":"category","embeddable":true,"href":"https:\/\/www.europesays.com\/fr\/wp-json\/wp\/v2\/categories?post=360580"},{"taxonomy":"post_tag","embeddable":true,"href":"https:\/\/www.europesays.com\/fr\/wp-json\/wp\/v2\/tags?post=360580"}],"curies":[{"name":"wp","href":"https:\/\/api.w.org\/{rel}","templated":true}]}}