{"id":360582,"date":"2025-09-02T10:55:16","date_gmt":"2025-09-02T10:55:16","guid":{"rendered":"https:\/\/www.europesays.com\/fr\/360582\/"},"modified":"2025-09-02T10:55:16","modified_gmt":"2025-09-02T10:55:16","slug":"rouen-metropole-basket-un-nouveau-logo-et-des-changements-dans-le-fonctionnement-du-club","status":"publish","type":"post","link":"https:\/\/www.europesays.com\/fr\/360582\/","title":{"rendered":"Rouen M\u00e9tropole Basket\u00a0: un nouveau logo et des changements dans le fonctionnement du club"},"content":{"rendered":"<p>Le Rouen M\u00e9tropole Basket a pr\u00e9sent\u00e9 ce mardi 2 septembre son nouveau logo, unifiant son nom et ses couleurs entre toutes ses sections. Un symbole qui marque un nouveau fonctionnement du RMB.<\/p>\n<p>Avant la finale du Troph\u00e9e Coupe de France, opposant l&rsquo;\u00e9quipe f\u00e9minine du Rouen M\u00e9tropole Basket \u00e0 Monaco, la F\u00e9d\u00e9ration Fran\u00e7aise de basket-ball ne savait pas tr\u00e8s bien quel \u00e9tait le nom du club rouennais. Cela peut para\u00eetre fou, mais entre le Rouen M\u00e9tropole Basket, Rouen-Bihorel, le Rouen M\u00e9tropole Bihorel Basket, voire le SPO Rouen Basket, il existe effectivement de nombreuses d\u00e9nominations, et autant de logos, pour un m\u00eame club.<\/p>\n<p>Le RMB a donc voulu simplifier tout cela. Un nom\u00a0: Rouen M\u00e9tropole Basket, et un logo, avec trois d\u00e9clinaisons\u00a0: une pour les masculins, une pour les f\u00e9minines et une pour l&rsquo;association. Voil\u00e0 qui doit montrer \u00ab\u00a0que tout le monde fonctionne ensemble et en m\u00eame temps\u00a0\u00bb, indique le pr\u00e9sident du club, Yvan Gueuder. Les deux \u00e9quipes \u00e9volueront au Kindarena cette ann\u00e9e et les bureaux des sections masculines et f\u00e9minines seront dans cette m\u00eame enceinte. <strong>Exit donc la mention de Bihorel<\/strong>, ville o\u00f9 est n\u00e9 ce club f\u00e9minin de basket, finalement rapatri\u00e9 \u00e0 Rouen par la M\u00e9tropole, qui aura pris le contr\u00f4le, en finan\u00e7ant autour de 50% la vie du club. Exit le orange sur le logo, le l\u00e9opard normand, les \u00e9toiles et la mention du \u00ab\u00a0SPO Rouen\u00a0\u00bb. Le logo est rond, comme un ballon de basket et les trois lettres RMB en blanc se d\u00e9tachent particuli\u00e8rement. <strong>Moins charg\u00e9, il fera donc plus moderne.<\/strong><\/p>\n<p>Une uniformisation dans la communication et une simplification dans le fonctionnement, qui doit permettre au RMB de voir plus haut. Les gar\u00e7ons seront \u00e0 nouveau pensionnaires de la deuxi\u00e8me division, la Pro B renomm\u00e9e \u00c9lite 2 cette ann\u00e9e, c&rsquo;est avec <strong>le regard tourn\u00e9 vers la mont\u00e9e<\/strong>. \u00ab\u00a0Ce Kindarena est une salle de premi\u00e8re division, voire de Coupe d&rsquo;Europe\u00a0\u00bb, rappelle David Lamiray, vice-pr\u00e9sident de la m\u00e9tropole. Si le pr\u00e9sident du club indique esp\u00e9rer jouer les <strong>playoffs<\/strong>, l&rsquo;entra\u00eeneur, Sylvain Delorme, affirme toujours jouer pour le haut du classement, malgr\u00e9 le <strong>d\u00e9but de pr\u00e9paration difficile<\/strong>, en raison notamment de probl\u00e8mes administratifs concernant ses recrues.<\/p>\n<p>Le RMB f\u00e9minin en Ligue 2 ?<\/p>\n<p>La principale nouveaut\u00e9 pourrait venir de l&rsquo;\u00e9quipe f\u00e9minine, vainqueure donc du Troph\u00e9e Coupe de France au printemps dernier et membre de la Nationale 1 f\u00e9minine, la troisi\u00e8me division. Le club a re\u00e7u une invitation pour figurer en deuxi\u00e8me division, la Ligue 2 f\u00e9minine, et aura une r\u00e9ponse dans la journ\u00e9e de ce jeudi 4 septembre. Son entra\u00eeneur, Corentin Mah\u00e9, reconna\u00eet donc qu&rsquo;il n&rsquo;est pas facile \u00ab\u00a0de pr\u00e9parer une \u00e9quipe et de mener une pr\u00e9saison sans conna\u00eetre la division dans laquelle ils joueront\u00a0\u00bb, mais affirme aussi \u00ab\u00a0que des recrues sont pr\u00eates \u00e0 rejoindre le club\u00a0\u00bb d\u00e8s que le RMB conna\u00eetra la d\u00e9cision f\u00e9d\u00e9rale. Auquel cas le budget devrait forc\u00e9ment \u00e9voluer\u00a0: <strong>de 500.000 euros environ \u00e0 700.000 euros annuels<\/strong>. Pour l&rsquo;\u00e9quipe masculine, le budget pour cette saison 2025-2026 est de 3,6 millions d&rsquo;euros. \u00ab\u00a0Un budget de Pro A il y a quelques ann\u00e9es qui est maintenant un budget de milieu de tableau de Pro B\u00a0\u00bb rappelle-t-on au club qui a bien l&rsquo;intention de <strong>mener deux projets ambitieux, masculin et f\u00e9minin, de front<\/strong>. Avec un objectif\u00a0: <strong>attirer du public pour les matches de l&rsquo;\u00e9quipe f\u00e9minine<\/strong> dans la grande salle du Kindarena. Avec de la communication, des r\u00e9sultats, en capitalisant sur la victoire en Coupe de France et en organisant <strong>des soir\u00e9es lors desquelles deux matches se suivront<\/strong>\u00a0: masculin et f\u00e9minin.<\/p>\n<p> \u00c0 \u00e9couter aussi   <img decoding=\"async\" src=\"https:\/\/www.europesays.com\/fr\/wp-content\/uploads\/2025\/09\/1756810516_665_560x315\" alt=\"Jenny Fouasseau, joueuse du RMBB\" style=\"--_image-preview:url('data:image\/jpeg;base64,\/9j\/2wBDACgcHiMeGSgjISMtKygwPGRBPDc3PHtYXUlkkYCZlo+AjIqgtObDoKrarYqMyP\/L2u71\/\/\/\/m8H\/\/\/\/6\/+b9\/\/j\/2wBDASstLTw1PHZBQXb4pYyl+Pj4+Pj4+Pj4+Pj4+Pj4+Pj4+Pj4+Pj4+Pj4+Pj4+Pj4+Pj4+Pj4+Pj4+Pj4+Pj4+Pj\/wAARCAAXACoDASIAAhEBAxEB\/8QAFwABAQEBAAAAAAAAAAAAAAAAAAECA\/\/EABcQAQEBAQAAAAAAAAAAAAAAAAABEQL\/xAAXAQADAQAAAAAAAAAAAAAAAAAAAQID\/8QAFREBAQAAAAAAAAAAAAAAAAAAAAH\/2gAMAwEAAhEDEQA\/AMyOkhOWpBAsaZjUXE0UXDJzxcBk0XFkBUTVxrAUT\/\/Z');\" loading=\"lazy\" fetchpriority=\"low\" aria-hidden=\"true\" class=\"svelte-1pnmlwx rounded\" onload=\"this.__e=event\" onerror=\"this.__e=event\"\/>\u00c0 lire aussi   <img decoding=\"async\" src=\"https:\/\/www.europesays.com\/fr\/wp-content\/uploads\/2025\/09\/1756810516_41_560x315\" alt=\"Les joueuses du Rouen M\u00e9tropole Bihorel Basket, apr\u00e8s leur victoire\" style=\"--_image-preview:url('data:image\/jpeg;base64,\/9j\/2wBDACgcHiMeGSgjISMtKygwPGRBPDc3PHtYXUlkkYCZlo+AjIqgtObDoKrarYqMyP\/L2u71\/\/\/\/m8H\/\/\/\/6\/+b9\/\/j\/2wBDASstLTw1PHZBQXb4pYyl+Pj4+Pj4+Pj4+Pj4+Pj4+Pj4+Pj4+Pj4+Pj4+Pj4+Pj4+Pj4+Pj4+Pj4+Pj4+Pj4+Pj\/wAARCAAXACoDASIAAhEBAxEB\/8QAGAABAQEBAQAAAAAAAAAAAAAAAQACAwX\/xAAWEAEBAQAAAAAAAAAAAAAAAAAAARH\/xAAVAQEBAAAAAAAAAAAAAAAAAAAAAf\/EABQRAQAAAAAAAAAAAAAAAAAAAAD\/2gAMAwEAAhEDEQA\/APLhEMFaMEIFBCOJ1IGpTqSh1JA\/\/9k=');\" loading=\"lazy\" fetchpriority=\"low\" aria-hidden=\"true\" class=\"svelte-1pnmlwx rounded\" onload=\"this.__e=event\" onerror=\"this.__e=event\"\/><\/p>\n","protected":false},"excerpt":{"rendered":"Le Rouen M\u00e9tropole Basket a pr\u00e9sent\u00e9 ce mardi 2 septembre son nouveau logo, unifiant son nom et ses&hellip;\n","protected":false},"author":2,"featured_media":360583,"comment_status":"","ping_status":"","sticky":false,"template":"","format":"standard","meta":{"footnotes":""},"categories":[9587],"tags":[1111,11,1777,674,1011,27,12,5161,25,9590],"class_list":{"0":"post-360582","1":"post","2":"type-post","3":"status-publish","4":"format-standard","5":"has-post-thumbnail","7":"category-rouen","8":"tag-actu","9":"tag-actualites","10":"tag-eu","11":"tag-europe","12":"tag-fr","13":"tag-france","14":"tag-news","15":"tag-normandie","16":"tag-republique-francaise","17":"tag-rouen"},"share_on_mastodon":{"url":"https:\/\/pubeurope.com\/@fr\/115134341077614820","error":""},"_links":{"self":[{"href":"https:\/\/www.europesays.com\/fr\/wp-json\/wp\/v2\/posts\/360582","targetHints":{"allow":["GET"]}}],"collection":[{"href":"https:\/\/www.europesays.com\/fr\/wp-json\/wp\/v2\/posts"}],"about":[{"href":"https:\/\/www.europesays.com\/fr\/wp-json\/wp\/v2\/types\/post"}],"author":[{"embeddable":true,"href":"https:\/\/www.europesays.com\/fr\/wp-json\/wp\/v2\/users\/2"}],"replies":[{"embeddable":true,"href":"https:\/\/www.europesays.com\/fr\/wp-json\/wp\/v2\/comments?post=360582"}],"version-history":[{"count":0,"href":"https:\/\/www.europesays.com\/fr\/wp-json\/wp\/v2\/posts\/360582\/revisions"}],"wp:featuredmedia":[{"embeddable":true,"href":"https:\/\/www.europesays.com\/fr\/wp-json\/wp\/v2\/media\/360583"}],"wp:attachment":[{"href":"https:\/\/www.europesays.com\/fr\/wp-json\/wp\/v2\/media?parent=360582"}],"wp:term":[{"taxonomy":"category","embeddable":true,"href":"https:\/\/www.europesays.com\/fr\/wp-json\/wp\/v2\/categories?post=360582"},{"taxonomy":"post_tag","embeddable":true,"href":"https:\/\/www.europesays.com\/fr\/wp-json\/wp\/v2\/tags?post=360582"}],"curies":[{"name":"wp","href":"https:\/\/api.w.org\/{rel}","templated":true}]}}