{"id":360588,"date":"2025-09-02T10:58:09","date_gmt":"2025-09-02T10:58:09","guid":{"rendered":"https:\/\/www.europesays.com\/fr\/360588\/"},"modified":"2025-09-02T10:58:09","modified_gmt":"2025-09-02T10:58:09","slug":"lille-et-vilaine-placee-en-vigilance-jaune-demain","status":"publish","type":"post","link":"https:\/\/www.europesays.com\/fr\/360588\/","title":{"rendered":"l&rsquo;Ille-et-Vilaine plac\u00e9e en vigilance jaune demain"},"content":{"rendered":"<p>            Par<br \/>\n        <strong><br \/>\n            <a href=\"https:\/\/actu.fr\/auteur\/journaliste-pm\" title=\"Consulter tous les articles de R\u00e9daction Saint-Malo\" rel=\"nofollow noopener\" target=\"_blank\">R\u00e9daction Saint-Malo<\/a><br \/>\n        <\/strong><\/p>\n<p>        Publi\u00e9 le<\/p>\n<p>            2 sept. 2025 \u00e0 12h19        <\/p>\n<p>L\u2019\u00e9t\u00e9 va nous para\u00eetre bien loin demain, mercredi 3 septembre 2025. La rentr\u00e9e des classes tout juste faite, c\u2019est la <a href=\"https:\/\/actu.fr\/meteo\/\" rel=\"nofollow noopener\" target=\"_blank\">m\u00e9t\u00e9o<\/a> qui va faire des siennes, avec un vent fort annonc\u00e9 sur l\u2019<a href=\"https:\/\/actu.fr\/bretagne\/ille-et-vilaine_35\" rel=\"nofollow noopener\" target=\"_blank\">Ille-et-Vilaine<\/a>.<\/p>\n<p>L\u2019Ille-et-Vilaine en vigilance jaune<\/p>\n<p class=\" wall-content\">Le d\u00e9partement sera ainsi plac\u00e9 sera plac\u00e9e en vigilance jaune orage et vents demain de 9h \u00e0 15h avec des rafales possibles aux alentours des 90 km\/h.<\/p>\n<p class=\" wall-content\">A <a href=\"https:\/\/actu.fr\/bretagne\/saint-malo_35288\" rel=\"nofollow noopener\" target=\"_blank\">Saint-Malo<\/a>, o\u00f9 plusieurs parcs, jardins publics et cimeti\u00e8res seront ferm\u00e9s, la Ville invite habitants et touristes \u00ab\u00a0\u00e0 faire preuve de prudence\u00a0\u00bb et \u00e0 suivre les recommandations suivantes :<\/p>\n<p class=\" wall-content\">\u2013 Rangez ou fixez les objets sensibles aux effets du vent ou susceptibles d\u2019\u00eatre endommag\u00e9s (par exemple : containers \u00e0 d\u00e9chets, pergola, outillages, mobilier de jardin, pots de fleur\u2026),<\/p>\n<p class=\" wall-content\">\u2013 Ne vous promenez pas dans les parcs arbor\u00e9s, en for\u00eat, sur le littoral ou \u00e0 proximit\u00e9 des cours d\u2019eau, \u00e9vitez les sorties dans les zones bois\u00e9es ou en mer.<\/p>\n<p class=\" wall-content\">\u2013 N\u2019intervenez pas sur les toitures et ne touchez en au cas aux \u00e9ventuels fils \u00e9lectriques tomb\u00e9s au sol.<\/p>\n<p class=\" wall-content\">Personnalisez votre actualit\u00e9 en ajoutant vos villes et m\u00e9dias en favori avec <a href=\"https:\/\/moncompte.actu.fr\" title=\"D\u00e9couvez Mon Actu\" rel=\"nofollow noopener\" data-trk=\"{&quot;cta&quot;:{&quot;action&quot;:&quot;https:\\\/\\\/moncompte.actu.fr&quot;,&quot;category&quot;:&quot;mon compte&quot;,&quot;from&quot;:&quot;article footer&quot;,&quot;name&quot;:&quot;Mon actu&quot;,&quot;type&quot;:&quot;cta&quot;}}\" target=\"_blank\">Mon Actu<\/a>.<\/p>\n","protected":false},"excerpt":{"rendered":"Par R\u00e9daction Saint-Malo Publi\u00e9 le 2 sept. 2025 \u00e0 12h19 L\u2019\u00e9t\u00e9 va nous para\u00eetre bien loin demain, mercredi&hellip;\n","protected":false},"author":2,"featured_media":360589,"comment_status":"","ping_status":"","sticky":false,"template":"","format":"standard","meta":{"footnotes":""},"categories":[2821],"tags":[1111,11,829,1777,674,1011,27,2357,12,584,25,104],"class_list":{"0":"post-360588","1":"post","2":"type-post","3":"status-publish","4":"format-standard","5":"has-post-thumbnail","7":"category-rennes","8":"tag-actu","9":"tag-actualites","10":"tag-bretagne","11":"tag-eu","12":"tag-europe","13":"tag-fr","14":"tag-france","15":"tag-meteo-france","16":"tag-news","17":"tag-rennes","18":"tag-republique-francaise","19":"tag-societe"},"share_on_mastodon":{"url":"https:\/\/pubeurope.com\/@fr\/115134352829324277","error":""},"_links":{"self":[{"href":"https:\/\/www.europesays.com\/fr\/wp-json\/wp\/v2\/posts\/360588","targetHints":{"allow":["GET"]}}],"collection":[{"href":"https:\/\/www.europesays.com\/fr\/wp-json\/wp\/v2\/posts"}],"about":[{"href":"https:\/\/www.europesays.com\/fr\/wp-json\/wp\/v2\/types\/post"}],"author":[{"embeddable":true,"href":"https:\/\/www.europesays.com\/fr\/wp-json\/wp\/v2\/users\/2"}],"replies":[{"embeddable":true,"href":"https:\/\/www.europesays.com\/fr\/wp-json\/wp\/v2\/comments?post=360588"}],"version-history":[{"count":0,"href":"https:\/\/www.europesays.com\/fr\/wp-json\/wp\/v2\/posts\/360588\/revisions"}],"wp:featuredmedia":[{"embeddable":true,"href":"https:\/\/www.europesays.com\/fr\/wp-json\/wp\/v2\/media\/360589"}],"wp:attachment":[{"href":"https:\/\/www.europesays.com\/fr\/wp-json\/wp\/v2\/media?parent=360588"}],"wp:term":[{"taxonomy":"category","embeddable":true,"href":"https:\/\/www.europesays.com\/fr\/wp-json\/wp\/v2\/categories?post=360588"},{"taxonomy":"post_tag","embeddable":true,"href":"https:\/\/www.europesays.com\/fr\/wp-json\/wp\/v2\/tags?post=360588"}],"curies":[{"name":"wp","href":"https:\/\/api.w.org\/{rel}","templated":true}]}}