{"id":360590,"date":"2025-09-02T10:59:17","date_gmt":"2025-09-02T10:59:17","guid":{"rendered":"https:\/\/www.europesays.com\/fr\/360590\/"},"modified":"2025-09-02T10:59:17","modified_gmt":"2025-09-02T10:59:17","slug":"ce-club-de-football-organise-un-loto-geant-ce-week-end","status":"publish","type":"post","link":"https:\/\/www.europesays.com\/fr\/360590\/","title":{"rendered":"ce club de football organise un loto g\u00e9ant ce week-end"},"content":{"rendered":"<p>            Par<br \/>\n        <strong><br \/>\n            <a href=\"https:\/\/actu.fr\/auteur\/redaction-jv\" title=\"Consulter tous les articles de R\u00e9daction Vitr\u00e9\" target=\"_blank\" rel=\"noopener\">R\u00e9daction Vitr\u00e9<\/a><br \/>\n        <\/strong><\/p>\n<p>        Publi\u00e9 le<\/p>\n<p>            2 sept. 2025 \u00e0 12h06        <\/p>\n<p>La <b>saison footballistique <\/b>a d\u00e9j\u00e0 repris fin juillet 2025 pour le <b>NBFC (Noyal Br\u00e9c\u00e9 football-club),<\/b> avec les entra\u00eenements pour une quarantaine de joueurs, \u00e0 <b>Noyal-sur-Vilaine<\/b> (Ille-et-Vilaine) sur le terrain d\u2019honneur, le terrain synth\u00e9tique \u00e9tant inutilisable avec la canicule et le deuxi\u00e8me terrain en r\u00e9fection.<\/p>\n<p>Gr\u00e9gory Belan entra\u00eeneur principal<\/p>\n<p class=\" wall-content\">Apr\u00e8s S\u00e9bastien Renault, une nouvelle \u00e8re d\u00e9bute avec Gr\u00e9gory Belan, entra\u00eeneur principal pour les quatre \u00e9quipes, qui coachera l\u2019\u00e9quipe A en <b>championnat r\u00e9gional 3<\/b>.<\/p>\n<p class=\" wall-content\">Les trois autres \u00e9quipes \u00e9voluent en D1, D3 et D4, soit environ 80 joueurs au total.<\/p>\n<p class=\" wall-content\">Gr\u00e9gory Belan a dirig\u00e9 l\u2019\u00e9quipe R2 de Tr\u00e9livan pendant deux ans, apr\u00e8s quatre ans \u00e0 Chantepie, et quatre ann\u00e9es \u00e0 Gevez\u00e9 : \u00ab L\u2019accueil, le courant, les joueurs et les dirigeants \u00bb ont convaincu Gr\u00e9gory, d\u00e9sormais responsable senior.<\/p>\n<p class=\" wall-content\">\u00ab On s\u2019appuiera sur la bonne fin de la derni\u00e8re saison pour rester sur une dynamique de victoires. Il faut redynamiser les joueurs avec un nouveau discours et redistribuer les cartes \u00bb au sein des diff\u00e9rentes \u00e9quipes. L\u2019effectif reste stable et va \u00ab aussi s\u2019appuyer sur les jeunes du club \u00bb, poursuit Philippe Carr\u00e9, copr\u00e9sident charg\u00e9 de la logistique.<\/p>\n<p>Vid\u00e9os : en ce moment sur ActuDe nouveaux maillots en cours de fabrication<\/p>\n<p class=\" wall-content\">Pour l\u2019\u00e9quipe A, Gr\u00e9gory Belan sera second\u00e9 par Julien Louis, du NBFC. Pour parfaire le \u00ab changement dans la continuit\u00e9 \u00bb, de nouveaux maillots en hommage aux Noyales (voiles noyalaises de nagu\u00e8re) sont en cours de fabrication.<\/p>\n<p>Votre r\u00e9gion, votre actu !<\/p>\n<p>Recevez chaque jour les infos qui comptent pour vous.<\/p>\n<p>\t<a href=\"https:\/\/actu.fr\/newsletter\" class=\"ac-btn ac-btn--corner ac-btn--medium ac-btn--blue800\" target=\"_blank\" rel=\"noopener\">S&rsquo;incrire<\/a><\/p>\n<p class=\" wall-content\">Le premier match de championnat aura lieu le <b>7\u00a0septembre contre Irodou\u00ebr.<\/b> C\u00f4t\u00e9 muscu, Jean-Philippe Meric, copr\u00e9sident, charg\u00e9 de l\u2019administratif, rappelle \u00ab qu\u2019une section renforcement musculaire red\u00e9marre le 8\u00a0septembre, avec inscriptions au forum ou \u00e0 la salle \u00bb.<\/p>\n<p class=\" wall-content\">Reprise footballistique, mais aussi reprise des activit\u00e9s destin\u00e9es au fonctionnement et financement du club et ses salari\u00e9s, avec le loto br\u00e9c\u00e9en.<\/p>\n<p class=\" wall-content\"><b>Vendredi 5\u00a0septembre, \u00e0 20 h<\/b>, \u00e0 la salle Roz Avel (salle de sports), \u00e0 Br\u00e9c\u00e9, <b>loto g\u00e9ant avec plus de 3 000\u00a0\u20ac de lots dont un bon d\u2019achat de 1 000\u00a0\u20ac<\/b>. Un de 300\u00a0\u20ac, 200\u00a0\u20ac et 100\u00a0\u20ac, 12 de 50\u00a0\u20ac et 30\u00a0\u20ac, 7 de 40\u00a0\u20ac. Buvette et restauration sur place.<\/p>\n<p>Pratique : vendredi 5 septembre, \u00e0 20 h, et non 20 h 30, \u00e0 la salle Roz Avel, \u00e0 Br\u00e9c\u00e9, loto g\u00e9ant. Ouverture des portes \u00e0 18 h. Anim\u00e9 par Animloto35 (Bernard). R\u00e9servations au 06 87 57 16 84 (SMS conseill\u00e9).<\/p>\n<p class=\" wall-content\">Personnalisez votre actualit\u00e9 en ajoutant vos villes et m\u00e9dias en favori avec <a href=\"https:\/\/moncompte.actu.fr\" title=\"D\u00e9couvez Mon Actu\" rel=\"nofollow noopener\" data-trk=\"{&quot;cta&quot;:{&quot;action&quot;:&quot;https:\\\/\\\/moncompte.actu.fr&quot;,&quot;category&quot;:&quot;mon compte&quot;,&quot;from&quot;:&quot;article footer&quot;,&quot;name&quot;:&quot;Mon actu&quot;,&quot;type&quot;:&quot;cta&quot;}}\" target=\"_blank\">Mon Actu<\/a>.<\/p>\n","protected":false},"excerpt":{"rendered":"Par R\u00e9daction Vitr\u00e9 Publi\u00e9 le 2 sept. 2025 \u00e0 12h06 La saison footballistique a d\u00e9j\u00e0 repris fin juillet&hellip;\n","protected":false},"author":2,"featured_media":360591,"comment_status":"","ping_status":"","sticky":false,"template":"","format":"standard","meta":{"footnotes":""},"categories":[2821],"tags":[1111,11,829,1777,674,1011,27,1652,10265,12,584,25],"class_list":{"0":"post-360590","1":"post","2":"type-post","3":"status-publish","4":"format-standard","5":"has-post-thumbnail","7":"category-rennes","8":"tag-actu","9":"tag-actualites","10":"tag-bretagne","11":"tag-eu","12":"tag-europe","13":"tag-fr","14":"tag-france","15":"tag-loisirs-culture","16":"tag-loto","17":"tag-news","18":"tag-rennes","19":"tag-republique-francaise"},"share_on_mastodon":{"url":"https:\/\/pubeurope.com\/@fr\/115134356727994710","error":""},"_links":{"self":[{"href":"https:\/\/www.europesays.com\/fr\/wp-json\/wp\/v2\/posts\/360590","targetHints":{"allow":["GET"]}}],"collection":[{"href":"https:\/\/www.europesays.com\/fr\/wp-json\/wp\/v2\/posts"}],"about":[{"href":"https:\/\/www.europesays.com\/fr\/wp-json\/wp\/v2\/types\/post"}],"author":[{"embeddable":true,"href":"https:\/\/www.europesays.com\/fr\/wp-json\/wp\/v2\/users\/2"}],"replies":[{"embeddable":true,"href":"https:\/\/www.europesays.com\/fr\/wp-json\/wp\/v2\/comments?post=360590"}],"version-history":[{"count":0,"href":"https:\/\/www.europesays.com\/fr\/wp-json\/wp\/v2\/posts\/360590\/revisions"}],"wp:featuredmedia":[{"embeddable":true,"href":"https:\/\/www.europesays.com\/fr\/wp-json\/wp\/v2\/media\/360591"}],"wp:attachment":[{"href":"https:\/\/www.europesays.com\/fr\/wp-json\/wp\/v2\/media?parent=360590"}],"wp:term":[{"taxonomy":"category","embeddable":true,"href":"https:\/\/www.europesays.com\/fr\/wp-json\/wp\/v2\/categories?post=360590"},{"taxonomy":"post_tag","embeddable":true,"href":"https:\/\/www.europesays.com\/fr\/wp-json\/wp\/v2\/tags?post=360590"}],"curies":[{"name":"wp","href":"https:\/\/api.w.org\/{rel}","templated":true}]}}