{"id":360603,"date":"2025-09-02T11:06:10","date_gmt":"2025-09-02T11:06:10","guid":{"rendered":"https:\/\/www.europesays.com\/fr\/360603\/"},"modified":"2025-09-02T11:06:10","modified_gmt":"2025-09-02T11:06:10","slug":"y-a-t-il-vraiment-moins-de-places-en-creche-a-bordeaux","status":"publish","type":"post","link":"https:\/\/www.europesays.com\/fr\/360603\/","title":{"rendered":"y a-t-il vraiment moins de places en cr\u00e8che \u00e0 Bordeaux\u00a0?"},"content":{"rendered":"<p>\u00ab\u00a0D\u00e9m\u00ealer le vrai du faux\u00a0\u00bb\u00a0: c\u2019est en ces termes que le d\u00e9put\u00e9 Thomas Cazenave formule son offensive politique contre le bilan de Pierre Hurmic <a href=\"https:\/\/renouveaubordeaux.fr\/actualite\/perimetre\/bordeaux\/communique-thomas-cazenave-demele-le-vrai-du-faux-du-bilan-publie-par-pierre-hurmic\/\" target=\"_blank\" rel=\"nofollow noopener\">dans un communiqu\u00e9 du 25\u00a0ao\u00fbt<\/a>. Avec l\u2019ambition de contrer les \u00ab\u00a0chiffres d\u00e9tourn\u00e9s\u00a0\u00bb comme les \u00ab\u00a0renoncements\u00a0\u00bb de la municipalit\u00e9 actuelle, le d\u00e9put\u00e9 et son mouvement Renouveau Bordeaux passent au crible la gestion de Pierre Hurmic et ciblent notamment la <a href=\"https:\/\/www.sudouest.fr\/societe\/parentalite\/creches-a-bordeaux-un-taux-de-couverture-enorme-mais-la-sensation-d-un-manque-de-places-21419727.php\" target=\"_blank\" rel=\"follow nofollow noopener\">politique men\u00e9e sur la petite enfance<\/a>.<\/p>\n<p>\u00ab\u00a0Le vrai bilan, c\u2019est une baisse du nombre de places en cr\u00e8che alors que la mairie communique sur des centaines de places cr\u00e9\u00e9es. Pourtant, sur cinq ans, 63\u00a0places ont \u00e9t\u00e9 supprim\u00e9es\u00a0\u00bb, avance un proche de Thomas Cazenave. Pour soutenir ses propos, l\u2019opposition s\u2019appuie sur <a href=\"https:\/\/www.bordeaux.fr\/le-mag\/seance-du-3-juin-2025-le-rapport-de-transition-une-photographie-du-projet-municipal\" target=\"_blank\" rel=\"nofollow noopener\">le rapport de transition \u00e9cologique et social pr\u00e9sent\u00e9 par la Ville en juin<\/a>. Celui-ci d\u00e9nombrait 2\u00a0468\u00a0places en cr\u00e8ches financ\u00e9es par la municipalit\u00e9, contre 2\u00a0531 en 2020, soit un solde n\u00e9gatif sur le mandat en cours.<\/p>\n<p>Ces places comprennent l\u2019ensemble des structures d\u2019accueil financ\u00e9es par la Ville de Bordeaux\u00a0: les cr\u00e8ches municipales en gestion directe, les \u00e9tablissements associatifs et priv\u00e9s b\u00e9n\u00e9ficiant d\u2019une subvention municipale, ainsi que les places achet\u00e9es dans des cr\u00e8ches priv\u00e9es partenaires. R\u00e9actualis\u00e9 le 27\u00a0ao\u00fbt, le document municipal recense d\u00e9sormais 2\u00a0488\u00a0places, la Ville justifiant l\u2019\u00e9cart par des \u00ab\u00a0fermetures temporaires pour travaux\u00a0\u00bb.<\/p>\n<p>P\u00e9nurie de professionnels<\/p>\n<p>La majorit\u00e9 conteste cette lecture. \u00ab\u00a0Ce chiffre correspond \u00e0 d\u00e9cembre 2024, mais nous avons d\u00e9j\u00e0 bascul\u00e9 depuis sur un solde positif\u00a0\u00bb, r\u00e9torque Fannie Le Boulanger, adjointe au maire de Bordeaux charg\u00e9e de la petite enfance. Elle met en avant l\u2019ouverture prochaine des cr\u00e8ches <a href=\"https:\/\/www.bordeaux.fr\/creche\/creche-elsa-triolet\" target=\"_blank\" rel=\"nofollow noopener\">Elsa-Triolet<\/a> et <a href=\"https:\/\/www.bordeaux.fr\/creche\/creche-eugenie-eboue-tell\" target=\"_blank\" rel=\"nofollow noopener\">Eug\u00e9nie-Ebou\u00e9-Tell<\/a> dans les quartiers Brazza et Bassins \u00e0 Flot qui doivent fournir \u00e0 elles deux 120\u00a0berceaux suppl\u00e9mentaires.<\/p>\n<p>D\u00e9non\u00e7ant une \u00ab\u00a0vision de la petite enfance centr\u00e9e uniquement sur la quantit\u00e9\u00a0\u00bb, l\u2019\u00e9lue \u00e9cologiste rappelle que la diminution observ\u00e9e en 2024 s\u2019explique par une p\u00e9nurie de professionnels de la petite enfance, \u00ab\u00a0un ph\u00e9nom\u00e8ne national qui a touch\u00e9 l\u2019ensemble du secteur\u00a0\u00bb. \u00ab\u00a0Nous aurions pu <a href=\"https:\/\/www.sudouest.fr\/economie\/emploi\/penurie-de-professionnels-dans-les-creches-du-personnel-non-qualifie-pourra-bientot-etre-recrute-11901062.php\" target=\"_blank\" rel=\"follow nofollow noopener\">recruter des personnes non qualifi\u00e9es<\/a> comme le permettait <a href=\"https:\/\/www.legifrance.gouv.fr\/jorf\/id\/JORFTEXT000046138910\" target=\"_blank\" rel=\"nofollow noopener\">le d\u00e9cret de juillet 2022. <\/a>Mais nous avons fait le choix de ne pas d\u00e9grader la qualit\u00e9 de l\u2019accueil.\u00a0\u00bb<\/p>\n<blockquote><p>La municipalit\u00e9 d\u00e9nonce une \u00ab\u00a0vision de la petite enfance centr\u00e9e uniquement sur la quantit\u00e9\u00a0\u00bb<\/p><\/blockquote>\n<p>Face \u00e0 ce qu\u2019elle consid\u00e8re comme une offre insuffisante, l\u2019\u00e9quipe de Thomas Cazenave propose d\u2019\u00e9largir le champ des solutions. Elle plaide notamment pour un soutien municipal accru aux Maisons d\u2019assistantes maternelles (MAM), structures interm\u00e9diaires entre l\u2019accueil individuel et collectif. \u00ab\u00a0Elles pourraient \u00eatre accompagn\u00e9es plus activement par la Ville dans leur installation que ce soit pour la location ou l\u2019acquisition de locaux\u00a0\u00bb, avance un membre de Renouveau Bordeaux, qui entend faire de la petite enfance un des piliers de son programme pour 2026. Thomas Cazenave devrait d\u00e9tailler ses propositions d\u00e8s septembre.<\/p>\n","protected":false},"excerpt":{"rendered":"\u00ab\u00a0D\u00e9m\u00ealer le vrai du faux\u00a0\u00bb\u00a0: c\u2019est en ces termes que le d\u00e9put\u00e9 Thomas Cazenave formule son offensive politique&hellip;\n","protected":false},"author":2,"featured_media":360604,"comment_status":"","ping_status":"","sticky":false,"template":"","format":"standard","meta":{"footnotes":""},"categories":[2817],"tags":[1111,11,1997,1777,674,1011,27,12,2219,25],"class_list":{"0":"post-360603","1":"post","2":"type-post","3":"status-publish","4":"format-standard","5":"has-post-thumbnail","7":"category-bordeaux","8":"tag-actu","9":"tag-actualites","10":"tag-bordeaux","11":"tag-eu","12":"tag-europe","13":"tag-fr","14":"tag-france","15":"tag-news","16":"tag-nouvelle-aquitaine","17":"tag-republique-francaise"},"share_on_mastodon":{"url":"https:\/\/pubeurope.com\/@fr\/115134384377531752","error":""},"_links":{"self":[{"href":"https:\/\/www.europesays.com\/fr\/wp-json\/wp\/v2\/posts\/360603","targetHints":{"allow":["GET"]}}],"collection":[{"href":"https:\/\/www.europesays.com\/fr\/wp-json\/wp\/v2\/posts"}],"about":[{"href":"https:\/\/www.europesays.com\/fr\/wp-json\/wp\/v2\/types\/post"}],"author":[{"embeddable":true,"href":"https:\/\/www.europesays.com\/fr\/wp-json\/wp\/v2\/users\/2"}],"replies":[{"embeddable":true,"href":"https:\/\/www.europesays.com\/fr\/wp-json\/wp\/v2\/comments?post=360603"}],"version-history":[{"count":0,"href":"https:\/\/www.europesays.com\/fr\/wp-json\/wp\/v2\/posts\/360603\/revisions"}],"wp:featuredmedia":[{"embeddable":true,"href":"https:\/\/www.europesays.com\/fr\/wp-json\/wp\/v2\/media\/360604"}],"wp:attachment":[{"href":"https:\/\/www.europesays.com\/fr\/wp-json\/wp\/v2\/media?parent=360603"}],"wp:term":[{"taxonomy":"category","embeddable":true,"href":"https:\/\/www.europesays.com\/fr\/wp-json\/wp\/v2\/categories?post=360603"},{"taxonomy":"post_tag","embeddable":true,"href":"https:\/\/www.europesays.com\/fr\/wp-json\/wp\/v2\/tags?post=360603"}],"curies":[{"name":"wp","href":"https:\/\/api.w.org\/{rel}","templated":true}]}}